{"id":2033,"date":"2020-01-03T10:55:07","date_gmt":"2020-01-03T09:55:07","guid":{"rendered":"http:\/\/www.chamannajenatsch.ch\/?p=2033"},"modified":"2020-01-04T08:41:09","modified_gmt":"2020-01-04T07:41:09","slug":"temperaturen-3-feb","status":"publish","type":"post","link":"https:\/\/www.chamannajenatsch.ch\/en\/2020\/01\/03\/temperaturen-3-feb\/","title":{"rendered":"Temperaturen &#8211; 3. Jan"},"content":{"rendered":"<p>Heute morgen war das mit der Temperatur in der K\u00fcche wieder ein Thema. Gestern Abend war es so heiss, dass wir ein Fenster gekippt hatten zum ein bisschen l\u00fcften. Und obwohl wir sicher noch eine halbe Stunde zusammen am Teamtisch sassen, wurde es anscheinend nicht deutlich k\u00fchler, denn niemand schloss das Fenster und heute morgen war es dann schon recht frisch. <br>Im Sommer ist das ganze ein bisschen ausgeglichener, aber von 0\u00b0C bei unserer Ankunft vor einer Woche bis zu gef\u00fchlten 35\u00b0C am Abend bei voller H\u00fctte, hatten wir alles. Am Morgen ist also Skiunterw\u00e4sche, M\u00fctze, Daunengilet angesagt und am Abend w\u00e4ren kurze Hosen und Top perfekt \ud83d\ude09<br>Heute ist es wieder bew\u00f6lkt nachdem es doch die letzten Tage immer wolkenlos sch\u00f6n war. Jetzt sehe ich schon den ersten Toureng\u00e4nger vom K\u00fcchenfenster aus, also muss ich den Kuchen rausstellen und die Suppe aus dem Keller holen \ud83d\ude09<br>Tsch\u00fc\u00fc\u00fc\u00fcs und bis morgen!<\/p>","protected":false},"excerpt":{"rendered":"<p>Heute morgen war das mit der Temperatur in der K\u00fcche wieder ein Thema. Gestern Abend war es so heiss, dass wir ein Fenster gekippt hatten zum ein bisschen l\u00fcften. Und obwohl wir sicher noch eine halbe Stunde zusammen am Teamtisch<\/p>","protected":false},"author":1,"featured_media":0,"comment_status":"closed","ping_status":"closed","sticky":false,"template":"","format":"standard","meta":{"inline_featured_image":false,"footnotes":""},"categories":[1],"tags":[],"class_list":["post-2033","post","type-post","status-publish","format-standard","hentry","category-allgemein"],"_links":{"self":[{"href":"https:\/\/www.chamannajenatsch.ch\/en\/wp-json\/wp\/v2\/posts\/2033","targetHints":{"allow":["GET"]}}],"collection":[{"href":"https:\/\/www.chamannajenatsch.ch\/en\/wp-json\/wp\/v2\/posts"}],"about":[{"href":"https:\/\/www.chamannajenatsch.ch\/en\/wp-json\/wp\/v2\/types\/post"}],"author":[{"embeddable":true,"href":"https:\/\/www.chamannajenatsch.ch\/en\/wp-json\/wp\/v2\/users\/1"}],"replies":[{"embeddable":true,"href":"https:\/\/www.chamannajenatsch.ch\/en\/wp-json\/wp\/v2\/comments?post=2033"}],"version-history":[{"count":3,"href":"https:\/\/www.chamannajenatsch.ch\/en\/wp-json\/wp\/v2\/posts\/2033\/revisions"}],"predecessor-version":[{"id":2038,"href":"https:\/\/www.chamannajenatsch.ch\/en\/wp-json\/wp\/v2\/posts\/2033\/revisions\/2038"}],"wp:attachment":[{"href":"https:\/\/www.chamannajenatsch.ch\/en\/wp-json\/wp\/v2\/media?parent=2033"}],"wp:term":[{"taxonomy":"category","embeddable":true,"href":"https:\/\/www.chamannajenatsch.ch\/en\/wp-json\/wp\/v2\/categories?post=2033"},{"taxonomy":"post_tag","embeddable":true,"href":"https:\/\/www.chamannajenatsch.ch\/en\/wp-json\/wp\/v2\/tags?post=2033"}],"curies":[{"name":"wp","href":"https:\/\/api.w.org\/{rel}","templated":true}]}}