{"id":2136,"date":"2020-02-27T14:28:46","date_gmt":"2020-02-27T13:28:46","guid":{"rendered":"http:\/\/www.chamannajenatsch.ch\/?p=2136"},"modified":"2020-02-28T08:07:27","modified_gmt":"2020-02-28T07:07:27","slug":"bonjour-les-suisses-romandes","status":"publish","type":"post","link":"https:\/\/www.chamannajenatsch.ch\/en\/2020\/02\/27\/bonjour-les-suisses-romandes\/","title":{"rendered":"Bonjour les Suisses romandes"},"content":{"rendered":"<p>Diese Woche haben wir f\u00fcr ein paar Tage eine Gruppe von 16 Personen bei uns von der Berufsschule CPLN aus Neuch\u00e2tel. Die Sch\u00fcler mit ihren Moniteurs werden von einem Bergf\u00fchrer begleitet und f\u00fcr viele ist es das erste Mal auf Skitour. Obwohl das Wetter nicht perfekt daf\u00fcr ist und gestern auf die Sonne ziemlich schnell der Wind und das Whiteout folgte, sind alle gut gelaunt und geniessen die Zeit bei uns. Gestern Nachmittag haben einige noch ein Iglu gebaut, heute morgen haben sie ein bisschen Pulverschnee f\u00fcr eine gute Abfahrt gefunden. <br>Auch m\u00fcssen wir sagen, dass sich einige Erwachsene ein St\u00fcck abschneiden k\u00f6nnen von diesen jungen Leuten: immer nett, freundlich, keine Skischuhe im Haus, Tische abger\u00e4umt etc. <br>C&#8217;est vraiment un super groupe de jeunes et on est content de les avoir chez nous! Merci! <\/p>\n\n\n\n<figure class=\"wp-block-image\"><img fetchpriority=\"high\" decoding=\"async\" width=\"1024\" height=\"728\" src=\"http:\/\/www.chamannajenatsch.ch\/wp-content\/uploads\/2020\/02\/WhatsApp-Image-2020-02-27-at-14.12.45-e1582809392704-1024x728.jpeg\" alt=\"\" class=\"wp-image-2137\" srcset=\"https:\/\/www.chamannajenatsch.ch\/wp-content\/uploads\/2020\/02\/WhatsApp-Image-2020-02-27-at-14.12.45-e1582809392704-1024x728.jpeg 1024w, https:\/\/www.chamannajenatsch.ch\/wp-content\/uploads\/2020\/02\/WhatsApp-Image-2020-02-27-at-14.12.45-e1582809392704-300x213.jpeg 300w, https:\/\/www.chamannajenatsch.ch\/wp-content\/uploads\/2020\/02\/WhatsApp-Image-2020-02-27-at-14.12.45-e1582809392704-768x546.jpeg 768w, https:\/\/www.chamannajenatsch.ch\/wp-content\/uploads\/2020\/02\/WhatsApp-Image-2020-02-27-at-14.12.45-e1582809392704.jpeg 1152w\" sizes=\"(max-width: 1024px) 100vw, 1024px\" \/><figcaption>Hallo Dohli \ud83d\ude42<br>Sie freuen sich \u00fcber das windige Wetter, aber ab und zu liegt eine Pause auf dem H\u00fcttendach drin \ud83d\ude09 Und von da aus hat man auch den frisch aufgef\u00fcllten Kompost perfekt im Blick<\/figcaption><\/figure>","protected":false},"excerpt":{"rendered":"<p>Diese Woche haben wir f\u00fcr ein paar Tage eine Gruppe von 16 Personen bei uns von der Berufsschule CPLN aus Neuch\u00e2tel. Die Sch\u00fcler mit ihren Moniteurs werden von einem Bergf\u00fchrer begleitet und f\u00fcr viele ist es das erste Mal auf<\/p>","protected":false},"author":1,"featured_media":0,"comment_status":"closed","ping_status":"closed","sticky":false,"template":"","format":"standard","meta":{"inline_featured_image":false,"footnotes":""},"categories":[1],"tags":[],"class_list":["post-2136","post","type-post","status-publish","format-standard","hentry","category-allgemein"],"_links":{"self":[{"href":"https:\/\/www.chamannajenatsch.ch\/en\/wp-json\/wp\/v2\/posts\/2136","targetHints":{"allow":["GET"]}}],"collection":[{"href":"https:\/\/www.chamannajenatsch.ch\/en\/wp-json\/wp\/v2\/posts"}],"about":[{"href":"https:\/\/www.chamannajenatsch.ch\/en\/wp-json\/wp\/v2\/types\/post"}],"author":[{"embeddable":true,"href":"https:\/\/www.chamannajenatsch.ch\/en\/wp-json\/wp\/v2\/users\/1"}],"replies":[{"embeddable":true,"href":"https:\/\/www.chamannajenatsch.ch\/en\/wp-json\/wp\/v2\/comments?post=2136"}],"version-history":[{"count":3,"href":"https:\/\/www.chamannajenatsch.ch\/en\/wp-json\/wp\/v2\/posts\/2136\/revisions"}],"predecessor-version":[{"id":2141,"href":"https:\/\/www.chamannajenatsch.ch\/en\/wp-json\/wp\/v2\/posts\/2136\/revisions\/2141"}],"wp:attachment":[{"href":"https:\/\/www.chamannajenatsch.ch\/en\/wp-json\/wp\/v2\/media?parent=2136"}],"wp:term":[{"taxonomy":"category","embeddable":true,"href":"https:\/\/www.chamannajenatsch.ch\/en\/wp-json\/wp\/v2\/categories?post=2136"},{"taxonomy":"post_tag","embeddable":true,"href":"https:\/\/www.chamannajenatsch.ch\/en\/wp-json\/wp\/v2\/tags?post=2136"}],"curies":[{"name":"wp","href":"https:\/\/api.w.org\/{rel}","templated":true}]}}