{"id":2505,"date":"2020-07-03T15:27:53","date_gmt":"2020-07-03T13:27:53","guid":{"rendered":"http:\/\/www.chamannajenatsch.ch\/?p=2505"},"modified":"2020-07-03T15:30:31","modified_gmt":"2020-07-03T13:30:31","slug":"tag-des-backen","status":"publish","type":"post","link":"https:\/\/www.chamannajenatsch.ch\/en\/2020\/07\/03\/tag-des-backen\/","title":{"rendered":"Tag des Backens"},"content":{"rendered":"<p>Als wir am Morgen aufstanden sah man nichts, weil es sooo neblig war, deswegen entschieden wir uns heute ein bisschen zu backen. Nici hat angefangen und hat neues Brot gebacken, als Mara und Ladina die Betten gemacht haben und alles geputzt haben. Danach haben die Meitli einen Himbeertraum zum Dessert gemacht, sie haben auch ordentlich probiert. Am Nachmittag haben alle zu erst eine laaaange Mittagspause gemacht. Sp\u00e4ter machte Nici noch einen Kuchen und die zwei M\u00e4dels noch ein paar Z\u00f6pfe. Dann musste aber auch mal etwas anderes gemacht werden als backen, n\u00e4mlich Etiketten an die Arvens\u00e4ckchen vom Corona-Combo ankn\u00f6pfen. Dann kamen auch schon die Abendg\u00e4ste und die Vorbereitungen f\u00fcr den Znacht.<br>Ladina und Mara \ud83d\ude09<\/p>","protected":false},"excerpt":{"rendered":"<p>Als wir am Morgen aufstanden sah man nichts, weil es sooo neblig war, deswegen entschieden wir uns heute ein bisschen zu backen. Nici hat angefangen und hat neues Brot gebacken, als Mara und Ladina die Betten gemacht haben und alles<\/p>","protected":false},"author":1,"featured_media":0,"comment_status":"closed","ping_status":"closed","sticky":false,"template":"","format":"standard","meta":{"inline_featured_image":false,"footnotes":""},"categories":[1],"tags":[],"class_list":["post-2505","post","type-post","status-publish","format-standard","hentry","category-allgemein"],"_links":{"self":[{"href":"https:\/\/www.chamannajenatsch.ch\/en\/wp-json\/wp\/v2\/posts\/2505","targetHints":{"allow":["GET"]}}],"collection":[{"href":"https:\/\/www.chamannajenatsch.ch\/en\/wp-json\/wp\/v2\/posts"}],"about":[{"href":"https:\/\/www.chamannajenatsch.ch\/en\/wp-json\/wp\/v2\/types\/post"}],"author":[{"embeddable":true,"href":"https:\/\/www.chamannajenatsch.ch\/en\/wp-json\/wp\/v2\/users\/1"}],"replies":[{"embeddable":true,"href":"https:\/\/www.chamannajenatsch.ch\/en\/wp-json\/wp\/v2\/comments?post=2505"}],"version-history":[{"count":3,"href":"https:\/\/www.chamannajenatsch.ch\/en\/wp-json\/wp\/v2\/posts\/2505\/revisions"}],"predecessor-version":[{"id":2509,"href":"https:\/\/www.chamannajenatsch.ch\/en\/wp-json\/wp\/v2\/posts\/2505\/revisions\/2509"}],"wp:attachment":[{"href":"https:\/\/www.chamannajenatsch.ch\/en\/wp-json\/wp\/v2\/media?parent=2505"}],"wp:term":[{"taxonomy":"category","embeddable":true,"href":"https:\/\/www.chamannajenatsch.ch\/en\/wp-json\/wp\/v2\/categories?post=2505"},{"taxonomy":"post_tag","embeddable":true,"href":"https:\/\/www.chamannajenatsch.ch\/en\/wp-json\/wp\/v2\/tags?post=2505"}],"curies":[{"name":"wp","href":"https:\/\/api.w.org\/{rel}","templated":true}]}}