{"id":2513,"date":"2020-07-05T11:59:25","date_gmt":"2020-07-05T09:59:25","guid":{"rendered":"http:\/\/www.chamannajenatsch.ch\/?p=2513"},"modified":"2020-07-05T11:59:28","modified_gmt":"2020-07-05T09:59:28","slug":"35-wie-70","status":"publish","type":"post","link":"https:\/\/www.chamannajenatsch.ch\/en\/2020\/07\/05\/35-wie-70\/","title":{"rendered":"35 wie 70"},"content":{"rendered":"<p>Ja, die 35 G\u00e4ste von gestern haben sich fast angef\u00fchlt wie 70. Auch wenn an den meisten Tischen nur 2-4 G\u00e4ste sassen, hatten wir gleich viele Tische wie sonst bei 70 G\u00e4sten: &#8222;voll&#8220; belegte Hauptstube, Jenatschst\u00fcbli und Winterk\u00fcche. Das heisst in der K\u00fcche alle \u00dcberlegungen wie sonst auch, Tischplan mit hier 2 Vegi, da ohne K\u00e4se, und so weiter und so fort. Immer wieder eine kleine Herausforderung beim Sch\u00f6pfen, dass nachher auch die richtigen G\u00e4ste die richtige Menuvariante bekommen. Dasmal einfach mit kleineren Sch\u00fcsseln als sonst \ud83d\ude09 Beim Servieren, Abwaschen und Putzen ist der Aufwand aber irgendwie \u00e4hnlich, egal ob 35 oder 70. <\/p>\n\n\n\n<p>Alles in allem lief es aber recht gut mit unserem ersten Corona-Full-House \ud83d\ude09 Es sassen alle friedlich auf der Terasse bis zum Znacht, es gab kein Gedr\u00e4nge an der Theke und heute morgen beim Fr\u00fchst\u00fcck kamen die G\u00e4ste sch\u00f6n in Etappen, so dass es auch dort keinen Stau gab bei der Kaffeekanne.<\/p>\n\n\n\n<p>Jetzt sind alle unterwegs, es ist strahlend sch\u00f6nes Wetter und wir warten auf die Tagesg\u00e4ste \ud83d\ude09<\/p>\n\n\n\n<figure class=\"wp-block-image size-large\"><img fetchpriority=\"high\" decoding=\"async\" width=\"1024\" height=\"653\" src=\"http:\/\/www.chamannajenatsch.ch\/wp-content\/uploads\/2020\/07\/WhatsApp-Image-2020-07-05-at-11.39.36-1024x653.jpeg\" alt=\"\" class=\"wp-image-2514\" srcset=\"https:\/\/www.chamannajenatsch.ch\/wp-content\/uploads\/2020\/07\/WhatsApp-Image-2020-07-05-at-11.39.36-1024x653.jpeg 1024w, https:\/\/www.chamannajenatsch.ch\/wp-content\/uploads\/2020\/07\/WhatsApp-Image-2020-07-05-at-11.39.36-300x191.jpeg 300w, https:\/\/www.chamannajenatsch.ch\/wp-content\/uploads\/2020\/07\/WhatsApp-Image-2020-07-05-at-11.39.36-768x490.jpeg 768w, https:\/\/www.chamannajenatsch.ch\/wp-content\/uploads\/2020\/07\/WhatsApp-Image-2020-07-05-at-11.39.36.jpeg 1080w\" sizes=\"(max-width: 1024px) 100vw, 1024px\" \/><figcaption>Sonnenaufgang aus der K\u00fcche beim Fr\u00fchdienst<\/figcaption><\/figure>","protected":false},"excerpt":{"rendered":"<p>Ja, die 35 G\u00e4ste von gestern haben sich fast angef\u00fchlt wie 70. Auch wenn an den meisten Tischen nur 2-4 G\u00e4ste sassen, hatten wir gleich viele Tische wie sonst bei 70 G\u00e4sten: &#8222;voll&#8220; belegte Hauptstube, Jenatschst\u00fcbli und Winterk\u00fcche. Das heisst<\/p>","protected":false},"author":1,"featured_media":0,"comment_status":"closed","ping_status":"closed","sticky":false,"template":"","format":"standard","meta":{"inline_featured_image":false,"footnotes":""},"categories":[1],"tags":[],"class_list":["post-2513","post","type-post","status-publish","format-standard","hentry","category-allgemein"],"_links":{"self":[{"href":"https:\/\/www.chamannajenatsch.ch\/en\/wp-json\/wp\/v2\/posts\/2513","targetHints":{"allow":["GET"]}}],"collection":[{"href":"https:\/\/www.chamannajenatsch.ch\/en\/wp-json\/wp\/v2\/posts"}],"about":[{"href":"https:\/\/www.chamannajenatsch.ch\/en\/wp-json\/wp\/v2\/types\/post"}],"author":[{"embeddable":true,"href":"https:\/\/www.chamannajenatsch.ch\/en\/wp-json\/wp\/v2\/users\/1"}],"replies":[{"embeddable":true,"href":"https:\/\/www.chamannajenatsch.ch\/en\/wp-json\/wp\/v2\/comments?post=2513"}],"version-history":[{"count":1,"href":"https:\/\/www.chamannajenatsch.ch\/en\/wp-json\/wp\/v2\/posts\/2513\/revisions"}],"predecessor-version":[{"id":2515,"href":"https:\/\/www.chamannajenatsch.ch\/en\/wp-json\/wp\/v2\/posts\/2513\/revisions\/2515"}],"wp:attachment":[{"href":"https:\/\/www.chamannajenatsch.ch\/en\/wp-json\/wp\/v2\/media?parent=2513"}],"wp:term":[{"taxonomy":"category","embeddable":true,"href":"https:\/\/www.chamannajenatsch.ch\/en\/wp-json\/wp\/v2\/categories?post=2513"},{"taxonomy":"post_tag","embeddable":true,"href":"https:\/\/www.chamannajenatsch.ch\/en\/wp-json\/wp\/v2\/tags?post=2513"}],"curies":[{"name":"wp","href":"https:\/\/api.w.org\/{rel}","templated":true}]}}