{"id":2530,"date":"2020-07-13T14:54:35","date_gmt":"2020-07-13T12:54:35","guid":{"rendered":"http:\/\/www.chamannajenatsch.ch\/?p=2530"},"modified":"2020-07-13T14:54:38","modified_gmt":"2020-07-13T12:54:38","slug":"ausschlafen-2","status":"publish","type":"post","link":"https:\/\/www.chamannajenatsch.ch\/en\/2020\/07\/13\/ausschlafen-2\/","title":{"rendered":"Ausschlafen?"},"content":{"rendered":"<p>Hmm.. was soll ich euch heute erz\u00e4hlen? Gestern waren wir den ganzen Tag ziemlich besch\u00e4ftigt. Die ersten \u00dcbernachtungsg\u00e4ste kamen schon am fr\u00fchen Nachmittag und liessen es sich auf der Terasse gutgehen mit Bier, Wein, Jenatschpl\u00e4ttli usw. <br>Dann hatten wir gestern aber auch noch jede Menge Kinder in der Stube. Ca. ein Drittel der G\u00e4ste waren unter 12 Jahre. Action pur also!<br>Vor dem Znacht fragen wir dann immer wann die G\u00e4ste das Zmorgen wollen, wobei das sp\u00e4teste Fr\u00fchst\u00fcck immer so gegen halb 8 ist. So haben wir nachher Zeit zum Abwaschen, Haus putzen, betten usw. und das alles optimalerweise bevor die ersten hungrigen Tagesg\u00e4ste auftauchen. <br>Das l\u00f6ste gestern Abend aber wieder mal Unmut aus, die Kinder schlafen doch immer bis um 9 Uhr! Unsere Erfahrung, dass ein Haufen Kinder im Massenlager meistens um 6 Uhr wach ist, nehmen uns die Eltern meistens nicht ab. Aber oh Wunder, auch heute morgen war kurz nach 6 bereits Leben in der Bude und kurz nach 7 waren alle beim Fr\u00fchst\u00fcck \ud83d\ude09 Wenn die Sonne in die Zimmer scheint und der Erste wach wird, ist es mit weiterschlafen eben noch schwierig. So waren alle G\u00e4ste bereits vor 8 Uhr fertig mit dem Fr\u00fchst\u00fcck und das H\u00fcttenteam sogar schon vor 9 Uhr selber beim Zmorgen auf der Terasse. <\/p>","protected":false},"excerpt":{"rendered":"<p>Hmm.. was soll ich euch heute erz\u00e4hlen? Gestern waren wir den ganzen Tag ziemlich besch\u00e4ftigt. Die ersten \u00dcbernachtungsg\u00e4ste kamen schon am fr\u00fchen Nachmittag und liessen es sich auf der Terasse gutgehen mit Bier, Wein, Jenatschpl\u00e4ttli usw. Dann hatten wir gestern<\/p>","protected":false},"author":1,"featured_media":0,"comment_status":"closed","ping_status":"closed","sticky":false,"template":"","format":"standard","meta":{"inline_featured_image":false,"footnotes":""},"categories":[1],"tags":[],"class_list":["post-2530","post","type-post","status-publish","format-standard","hentry","category-allgemein"],"_links":{"self":[{"href":"https:\/\/www.chamannajenatsch.ch\/en\/wp-json\/wp\/v2\/posts\/2530","targetHints":{"allow":["GET"]}}],"collection":[{"href":"https:\/\/www.chamannajenatsch.ch\/en\/wp-json\/wp\/v2\/posts"}],"about":[{"href":"https:\/\/www.chamannajenatsch.ch\/en\/wp-json\/wp\/v2\/types\/post"}],"author":[{"embeddable":true,"href":"https:\/\/www.chamannajenatsch.ch\/en\/wp-json\/wp\/v2\/users\/1"}],"replies":[{"embeddable":true,"href":"https:\/\/www.chamannajenatsch.ch\/en\/wp-json\/wp\/v2\/comments?post=2530"}],"version-history":[{"count":1,"href":"https:\/\/www.chamannajenatsch.ch\/en\/wp-json\/wp\/v2\/posts\/2530\/revisions"}],"predecessor-version":[{"id":2531,"href":"https:\/\/www.chamannajenatsch.ch\/en\/wp-json\/wp\/v2\/posts\/2530\/revisions\/2531"}],"wp:attachment":[{"href":"https:\/\/www.chamannajenatsch.ch\/en\/wp-json\/wp\/v2\/media?parent=2530"}],"wp:term":[{"taxonomy":"category","embeddable":true,"href":"https:\/\/www.chamannajenatsch.ch\/en\/wp-json\/wp\/v2\/categories?post=2530"},{"taxonomy":"post_tag","embeddable":true,"href":"https:\/\/www.chamannajenatsch.ch\/en\/wp-json\/wp\/v2\/tags?post=2530"}],"curies":[{"name":"wp","href":"https:\/\/api.w.org\/{rel}","templated":true}]}}