{"id":2542,"date":"2020-07-18T10:52:56","date_gmt":"2020-07-18T08:52:56","guid":{"rendered":"http:\/\/www.chamannajenatsch.ch\/?p=2542"},"modified":"2020-07-18T10:52:59","modified_gmt":"2020-07-18T08:52:59","slug":"auf-ein-neues","status":"publish","type":"post","link":"https:\/\/www.chamannajenatsch.ch\/en\/2020\/07\/18\/auf-ein-neues\/","title":{"rendered":"Auf ein Neues!"},"content":{"rendered":"<p>Den M\u00e4rz hatte ich mir irgendwie anders vorgestellt. Aber da ging es vielen wohl gleich. Geplant waren 2 Wochen mit sch\u00f6nstem Sonnenschein und nat\u00fcrlich Pulverschnee auf der Jenatsch. Nunja&#8230;und dann kam Corona&#8230; F\u00fcr mich hiess dies, Aufstieg am Donnerstag, Freitag die omin\u00f6se Pressekonferenz und Sonntag das Schliessen der H\u00fctte. Es war nicht mal Zeit, dass die Blase an meinem Fuss zumindest ein wenig verheilen konnte.<\/p>\n\n\n\n<p>Genau deshalb fordere ich dieses Wochenende noch ein paar Sonnenstunden ein, die mir aus dem M\u00e4rz noch zustehen \ud83d\ude42 Leider nur bis Montag, dann heisst es wieder zur\u00fcck in die Zivilisation.<\/p>\n\n\n\n<p>Ich freue mich auf die vielen Begegnungen hier oben und w\u00fcnsche euch einen guten Start ins Wochenende. <\/p>\n\n\n\n<p>Bis bald <br>Eure Nadja mit Jill an den Rueblis und Dani am Waschbecken<\/p>","protected":false},"excerpt":{"rendered":"<p>Den M\u00e4rz hatte ich mir irgendwie anders vorgestellt. Aber da ging es vielen wohl gleich. Geplant waren 2 Wochen mit sch\u00f6nstem Sonnenschein und nat\u00fcrlich Pulverschnee auf der Jenatsch. Nunja&#8230;und dann kam Corona&#8230; F\u00fcr mich hiess dies, Aufstieg am Donnerstag, Freitag<\/p>","protected":false},"author":1,"featured_media":0,"comment_status":"closed","ping_status":"closed","sticky":false,"template":"","format":"standard","meta":{"inline_featured_image":false,"footnotes":""},"categories":[1],"tags":[],"class_list":["post-2542","post","type-post","status-publish","format-standard","hentry","category-allgemein"],"_links":{"self":[{"href":"https:\/\/www.chamannajenatsch.ch\/en\/wp-json\/wp\/v2\/posts\/2542","targetHints":{"allow":["GET"]}}],"collection":[{"href":"https:\/\/www.chamannajenatsch.ch\/en\/wp-json\/wp\/v2\/posts"}],"about":[{"href":"https:\/\/www.chamannajenatsch.ch\/en\/wp-json\/wp\/v2\/types\/post"}],"author":[{"embeddable":true,"href":"https:\/\/www.chamannajenatsch.ch\/en\/wp-json\/wp\/v2\/users\/1"}],"replies":[{"embeddable":true,"href":"https:\/\/www.chamannajenatsch.ch\/en\/wp-json\/wp\/v2\/comments?post=2542"}],"version-history":[{"count":1,"href":"https:\/\/www.chamannajenatsch.ch\/en\/wp-json\/wp\/v2\/posts\/2542\/revisions"}],"predecessor-version":[{"id":2543,"href":"https:\/\/www.chamannajenatsch.ch\/en\/wp-json\/wp\/v2\/posts\/2542\/revisions\/2543"}],"wp:attachment":[{"href":"https:\/\/www.chamannajenatsch.ch\/en\/wp-json\/wp\/v2\/media?parent=2542"}],"wp:term":[{"taxonomy":"category","embeddable":true,"href":"https:\/\/www.chamannajenatsch.ch\/en\/wp-json\/wp\/v2\/categories?post=2542"},{"taxonomy":"post_tag","embeddable":true,"href":"https:\/\/www.chamannajenatsch.ch\/en\/wp-json\/wp\/v2\/tags?post=2542"}],"curies":[{"name":"wp","href":"https:\/\/api.w.org\/{rel}","templated":true}]}}