{"id":2563,"date":"2020-07-25T21:58:15","date_gmt":"2020-07-25T19:58:15","guid":{"rendered":"http:\/\/www.chamannajenatsch.ch\/?p=2563"},"modified":"2020-07-25T21:58:15","modified_gmt":"2020-07-25T19:58:15","slug":"leben-am-limit","status":"publish","type":"post","link":"https:\/\/www.chamannajenatsch.ch\/en\/2020\/07\/25\/leben-am-limit\/","title":{"rendered":"Leben am Limit"},"content":{"rendered":"<p>Nein, damit meine ich nicht das H\u00fcttenteam \ud83d\ude1b Obwohl wir uns manchmal ja auch so f\u00fchlen \ud83d\ude09 Aber nein, damit meine ich unsere Blumen rund um die H\u00fctte. Dank dem Vorschaffen gestern, hatten Eva und Dani heute je eine Stunde Pause und ich durfte am Nachmittag sogar ein bisschen l\u00e4nger frei machen und hatte zweieinhalb Stunden Zeit f\u00fcr eine kleine Runde. So konnte ich zum ersten Mal diesen Sommer die Cresta Jenatsch Runde machen. Diesmal direkt hinter der H\u00fctte hoch zack zack, oben \u00fcber das Plateau, beim Seeli des Vadret d&#8217;Err vorbei und wieder zur\u00fcck zur H\u00fctte \ud83d\ude42 Die Landschaft ist wundersch\u00f6n, der Ausblick bis zum Piz Bernina und Piz Roseg ebenso und bestaunt habe ich auch wieder die Blumen dort oben! Auf \u00fcber 2900 m w\u00e4schst doch noch was, und manchmal fragt man sich wo die Erde herkommt und von was die Pfl\u00e4nzli leben so zmitts in den Steinen und Felsen. <br><\/p>\n\n\n\n<figure class=\"wp-block-gallery columns-2 is-cropped wp-block-gallery-1 is-layout-flex wp-block-gallery-is-layout-flex\"><ul class=\"blocks-gallery-grid\"><li class=\"blocks-gallery-item\"><figure><img fetchpriority=\"high\" decoding=\"async\" width=\"1024\" height=\"576\" src=\"http:\/\/www.chamannajenatsch.ch\/wp-content\/uploads\/2020\/07\/WhatsApp-Image-2020-07-25-at-21.47.18-1024x576.jpeg\" alt=\"\" data-id=\"2564\" data-full-url=\"http:\/\/www.chamannajenatsch.ch\/wp-content\/uploads\/2020\/07\/WhatsApp-Image-2020-07-25-at-21.47.18.jpeg\" data-link=\"http:\/\/www.chamannajenatsch.ch\/?attachment_id=2564\" class=\"wp-image-2564\" srcset=\"https:\/\/www.chamannajenatsch.ch\/wp-content\/uploads\/2020\/07\/WhatsApp-Image-2020-07-25-at-21.47.18-1024x576.jpeg 1024w, https:\/\/www.chamannajenatsch.ch\/wp-content\/uploads\/2020\/07\/WhatsApp-Image-2020-07-25-at-21.47.18-300x169.jpeg 300w, https:\/\/www.chamannajenatsch.ch\/wp-content\/uploads\/2020\/07\/WhatsApp-Image-2020-07-25-at-21.47.18-768x432.jpeg 768w, https:\/\/www.chamannajenatsch.ch\/wp-content\/uploads\/2020\/07\/WhatsApp-Image-2020-07-25-at-21.47.18-1536x864.jpeg 1536w, https:\/\/www.chamannajenatsch.ch\/wp-content\/uploads\/2020\/07\/WhatsApp-Image-2020-07-25-at-21.47.18.jpeg 2048w\" sizes=\"(max-width: 1024px) 100vw, 1024px\" \/><\/figure><\/li><li class=\"blocks-gallery-item\"><figure><img decoding=\"async\" width=\"1024\" height=\"576\" src=\"http:\/\/www.chamannajenatsch.ch\/wp-content\/uploads\/2020\/07\/WhatsApp-Image-2020-07-25-at-21.46.33-1024x576.jpeg\" alt=\"\" data-id=\"2565\" data-full-url=\"http:\/\/www.chamannajenatsch.ch\/wp-content\/uploads\/2020\/07\/WhatsApp-Image-2020-07-25-at-21.46.33.jpeg\" data-link=\"http:\/\/www.chamannajenatsch.ch\/?attachment_id=2565\" class=\"wp-image-2565\" srcset=\"https:\/\/www.chamannajenatsch.ch\/wp-content\/uploads\/2020\/07\/WhatsApp-Image-2020-07-25-at-21.46.33-1024x576.jpeg 1024w, https:\/\/www.chamannajenatsch.ch\/wp-content\/uploads\/2020\/07\/WhatsApp-Image-2020-07-25-at-21.46.33-300x169.jpeg 300w, https:\/\/www.chamannajenatsch.ch\/wp-content\/uploads\/2020\/07\/WhatsApp-Image-2020-07-25-at-21.46.33-768x432.jpeg 768w, https:\/\/www.chamannajenatsch.ch\/wp-content\/uploads\/2020\/07\/WhatsApp-Image-2020-07-25-at-21.46.33-1536x864.jpeg 1536w, https:\/\/www.chamannajenatsch.ch\/wp-content\/uploads\/2020\/07\/WhatsApp-Image-2020-07-25-at-21.46.33.jpeg 2048w\" sizes=\"(max-width: 1024px) 100vw, 1024px\" \/><\/figure><\/li><\/ul><\/figure>","protected":false},"excerpt":{"rendered":"<p>Nein, damit meine ich nicht das H\u00fcttenteam \ud83d\ude1b Obwohl wir uns manchmal ja auch so f\u00fchlen \ud83d\ude09 Aber nein, damit meine ich unsere Blumen rund um die H\u00fctte. Dank dem Vorschaffen gestern, hatten Eva und Dani heute je eine Stunde<\/p>","protected":false},"author":1,"featured_media":0,"comment_status":"closed","ping_status":"closed","sticky":false,"template":"","format":"standard","meta":{"inline_featured_image":false,"footnotes":""},"categories":[1],"tags":[],"class_list":["post-2563","post","type-post","status-publish","format-standard","hentry","category-allgemein"],"_links":{"self":[{"href":"https:\/\/www.chamannajenatsch.ch\/en\/wp-json\/wp\/v2\/posts\/2563","targetHints":{"allow":["GET"]}}],"collection":[{"href":"https:\/\/www.chamannajenatsch.ch\/en\/wp-json\/wp\/v2\/posts"}],"about":[{"href":"https:\/\/www.chamannajenatsch.ch\/en\/wp-json\/wp\/v2\/types\/post"}],"author":[{"embeddable":true,"href":"https:\/\/www.chamannajenatsch.ch\/en\/wp-json\/wp\/v2\/users\/1"}],"replies":[{"embeddable":true,"href":"https:\/\/www.chamannajenatsch.ch\/en\/wp-json\/wp\/v2\/comments?post=2563"}],"version-history":[{"count":1,"href":"https:\/\/www.chamannajenatsch.ch\/en\/wp-json\/wp\/v2\/posts\/2563\/revisions"}],"predecessor-version":[{"id":2566,"href":"https:\/\/www.chamannajenatsch.ch\/en\/wp-json\/wp\/v2\/posts\/2563\/revisions\/2566"}],"wp:attachment":[{"href":"https:\/\/www.chamannajenatsch.ch\/en\/wp-json\/wp\/v2\/media?parent=2563"}],"wp:term":[{"taxonomy":"category","embeddable":true,"href":"https:\/\/www.chamannajenatsch.ch\/en\/wp-json\/wp\/v2\/categories?post=2563"},{"taxonomy":"post_tag","embeddable":true,"href":"https:\/\/www.chamannajenatsch.ch\/en\/wp-json\/wp\/v2\/tags?post=2563"}],"curies":[{"name":"wp","href":"https:\/\/api.w.org\/{rel}","templated":true}]}}