{"id":2580,"date":"2020-07-31T11:31:00","date_gmt":"2020-07-31T09:31:00","guid":{"rendered":"http:\/\/www.chamannajenatsch.ch\/?p=2580"},"modified":"2020-07-31T11:31:03","modified_gmt":"2020-07-31T09:31:03","slug":"berg-huette","status":"publish","type":"post","link":"https:\/\/www.chamannajenatsch.ch\/en\/2020\/07\/31\/berg-huette\/","title":{"rendered":"Berg-H\u00fctte"},"content":{"rendered":"<p>Das sagt eigentlich schon alles, oder? Berg und H\u00fctte! Also nix mit Tal und Hotel! Aber da wir viele nicht sehr bergaffine G\u00e4ste haben im Sommer, geht das manchmal vergessen. &#8222;Wo sind die Duschen?&#8220;, &#8222;Wo gibt es hier das beste Netz?&#8220; und &#8222;Wie ist das Passwort f\u00fcr das Wlan?&#8220; sidn mitlerweile Standard. Aber: Kein K\u00e4se und Aufschnitt auf dem Zmorgenbuffet? Vegane Men\u00fcs, bitte kalte und keine warme Milch, lieber Wasser anstatt Tee, ich bin doch lieber Vegi heute weil ich mag keinen Fleischk\u00e4se, die Kinder essen keine Suppe, habt ihr nur 3 Steckdosen zum Handyladen? und so weiter und so fort&#8230; Mal nicht Alles im \u00dcberfluss zu haben und kurze Zeit auf etwas zu verzichten und deswegen die Ruhe und die sch\u00f6ne Bergwelt oder die Geselligkeit geniessen? Scheint doch schwierig zu sein in unserer Welt heute, wo die meisten anscheinend gewohnt sind immer alles sofort haben zu k\u00f6nnen. Und das nicht nur bei den Jungen, die nichts Anderes kennen&#8230;<br>Es gibt aber auch das genaue Gegenteil, G\u00e4ste die keine Aufwand machen wollen und sich deswegen nicht als Vegi anmelden. Sie denken, sie w\u00fcrden einfach das Fleisch weglassen. Dies ist bei H\u00f6rnli mit Gehacktem und abgez\u00e4hlten \u00fcberbackenen Tomaten als Fleischlosmen\u00fc dann eher langweilig. Noch schwieriger wird es, wenn wir f\u00fcr alle vegetarische \u00c4lplermakkaroni gemacht haben und beim Servieren jemand sagt, er h\u00e4tte eine K\u00e4seallergie. Solch kurzfristige Anpassungen f\u00fchren bei uns immer wieder zu Hektik in der K\u00fcche. Dabei ist vegetarisch sowieso schon  jeden Tag mit auf dem Programm und f\u00fcr Allergiker kann das Men\u00fc im Voraus abgestimmt werden.<br>So, jetzt genug davon! Wir haben gestern schon die ersten Vorbereitungen gestartet f\u00fcr den 1. August und werden heute auch noch einige Sachen machen, so dass wir unsere G\u00e4ste morgen mit ein paar speziellen Sachen \u00fcberraschen k\u00f6nnen \ud83d\ude09<\/p>","protected":false},"excerpt":{"rendered":"<p>Das sagt eigentlich schon alles, oder? Berg und H\u00fctte! Also nix mit Tal und Hotel! Aber da wir viele nicht sehr bergaffine G\u00e4ste haben im Sommer, geht das manchmal vergessen. &#8222;Wo sind die Duschen?&#8220;, &#8222;Wo gibt es hier das beste<\/p>","protected":false},"author":1,"featured_media":0,"comment_status":"closed","ping_status":"closed","sticky":false,"template":"","format":"standard","meta":{"inline_featured_image":false,"footnotes":""},"categories":[1],"tags":[],"class_list":["post-2580","post","type-post","status-publish","format-standard","hentry","category-allgemein"],"_links":{"self":[{"href":"https:\/\/www.chamannajenatsch.ch\/en\/wp-json\/wp\/v2\/posts\/2580","targetHints":{"allow":["GET"]}}],"collection":[{"href":"https:\/\/www.chamannajenatsch.ch\/en\/wp-json\/wp\/v2\/posts"}],"about":[{"href":"https:\/\/www.chamannajenatsch.ch\/en\/wp-json\/wp\/v2\/types\/post"}],"author":[{"embeddable":true,"href":"https:\/\/www.chamannajenatsch.ch\/en\/wp-json\/wp\/v2\/users\/1"}],"replies":[{"embeddable":true,"href":"https:\/\/www.chamannajenatsch.ch\/en\/wp-json\/wp\/v2\/comments?post=2580"}],"version-history":[{"count":1,"href":"https:\/\/www.chamannajenatsch.ch\/en\/wp-json\/wp\/v2\/posts\/2580\/revisions"}],"predecessor-version":[{"id":2581,"href":"https:\/\/www.chamannajenatsch.ch\/en\/wp-json\/wp\/v2\/posts\/2580\/revisions\/2581"}],"wp:attachment":[{"href":"https:\/\/www.chamannajenatsch.ch\/en\/wp-json\/wp\/v2\/media?parent=2580"}],"wp:term":[{"taxonomy":"category","embeddable":true,"href":"https:\/\/www.chamannajenatsch.ch\/en\/wp-json\/wp\/v2\/categories?post=2580"},{"taxonomy":"post_tag","embeddable":true,"href":"https:\/\/www.chamannajenatsch.ch\/en\/wp-json\/wp\/v2\/tags?post=2580"}],"curies":[{"name":"wp","href":"https:\/\/api.w.org\/{rel}","templated":true}]}}