{"id":2587,"date":"2020-08-03T11:22:02","date_gmt":"2020-08-03T09:22:02","guid":{"rendered":"http:\/\/www.chamannajenatsch.ch\/?p=2587"},"modified":"2020-08-03T11:22:04","modified_gmt":"2020-08-03T09:22:04","slug":"alpsommer-2","status":"publish","type":"post","link":"https:\/\/www.chamannajenatsch.ch\/en\/2020\/08\/03\/alpsommer-2\/","title":{"rendered":"Alpsommer"},"content":{"rendered":"<p>Seit 2 Tagen sind die K\u00fche nun bei uns oben. Bimbel bambel bimbel bambel, so sch\u00f6n! Ein bisschen Action um die H\u00fctte \ud83d\ude09 Vor zwei Tagen haben die armen etwas Hagel abbekommen, da waren sie dann ziemlich schnell weg Richtung Tal. Aber am n\u00e4chsten Tag sind sie wieder hochgewandert und geniessen nun die sch\u00f6ne Aussicht und das saftige Gras (das beste Gras steht unter dem Zaun der rund um die H\u00fctte geht). Wir haben schon festgestellt: wir sind fast so ein bisschen wie die \u00e4lteren Leute im Tal, die den ganzen Tag nichts besseres zu tun haben als aus dem Fenster zu schauen und die Nachbarn zu beobachten. Unsere Nachbarn sind einfach die Murmeltiere, die Steinb\u00f6cke und nun auch die K\u00fche f\u00fcr ein paar Wochen. Irgendwen sieht man immer dem man vom K\u00fcchenfenster aus zugucken kann. Und unsere G\u00e4ste, die werden nat\u00fcrlich auch immer beobachtet \ud83d\ude09 Wir haben n\u00e4mlich einen ziemlich guten Platz in der K\u00fcche, so dass wir die ankommenden Wanderer meistens schon sehen bevor sie am Tresen stehen \ud83d\ude09<br><\/p>\n\n\n\n<p>Heute sind auch wieder einige Leute angemeldet, obwohl das Wetter sich eher von der tr\u00fcben Seite zeigt. Gestern war das Wetter aber auch viel besser als angesagt, mal schauen was heute und in der Nacht noch kommt \ud83d\ude09 Vielleicht der erste Sommerschnee&#8230;?<\/p>","protected":false},"excerpt":{"rendered":"<p>Seit 2 Tagen sind die K\u00fche nun bei uns oben. Bimbel bambel bimbel bambel, so sch\u00f6n! Ein bisschen Action um die H\u00fctte \ud83d\ude09 Vor zwei Tagen haben die armen etwas Hagel abbekommen, da waren sie dann ziemlich schnell weg Richtung<\/p>","protected":false},"author":1,"featured_media":0,"comment_status":"closed","ping_status":"closed","sticky":false,"template":"","format":"standard","meta":{"inline_featured_image":false,"footnotes":""},"categories":[1],"tags":[],"class_list":["post-2587","post","type-post","status-publish","format-standard","hentry","category-allgemein"],"_links":{"self":[{"href":"https:\/\/www.chamannajenatsch.ch\/en\/wp-json\/wp\/v2\/posts\/2587","targetHints":{"allow":["GET"]}}],"collection":[{"href":"https:\/\/www.chamannajenatsch.ch\/en\/wp-json\/wp\/v2\/posts"}],"about":[{"href":"https:\/\/www.chamannajenatsch.ch\/en\/wp-json\/wp\/v2\/types\/post"}],"author":[{"embeddable":true,"href":"https:\/\/www.chamannajenatsch.ch\/en\/wp-json\/wp\/v2\/users\/1"}],"replies":[{"embeddable":true,"href":"https:\/\/www.chamannajenatsch.ch\/en\/wp-json\/wp\/v2\/comments?post=2587"}],"version-history":[{"count":1,"href":"https:\/\/www.chamannajenatsch.ch\/en\/wp-json\/wp\/v2\/posts\/2587\/revisions"}],"predecessor-version":[{"id":2588,"href":"https:\/\/www.chamannajenatsch.ch\/en\/wp-json\/wp\/v2\/posts\/2587\/revisions\/2588"}],"wp:attachment":[{"href":"https:\/\/www.chamannajenatsch.ch\/en\/wp-json\/wp\/v2\/media?parent=2587"}],"wp:term":[{"taxonomy":"category","embeddable":true,"href":"https:\/\/www.chamannajenatsch.ch\/en\/wp-json\/wp\/v2\/categories?post=2587"},{"taxonomy":"post_tag","embeddable":true,"href":"https:\/\/www.chamannajenatsch.ch\/en\/wp-json\/wp\/v2\/tags?post=2587"}],"curies":[{"name":"wp","href":"https:\/\/api.w.org\/{rel}","templated":true}]}}