{"id":2627,"date":"2020-08-18T23:10:37","date_gmt":"2020-08-18T21:10:37","guid":{"rendered":"http:\/\/www.chamannajenatsch.ch\/?p=2627"},"modified":"2020-08-19T16:57:46","modified_gmt":"2020-08-19T14:57:46","slug":"rinder","status":"publish","type":"post","link":"https:\/\/www.chamannajenatsch.ch\/en\/2020\/08\/18\/rinder\/","title":{"rendered":"Rinder"},"content":{"rendered":"<p>Die Tage gestern und heute sind schnell vorbeigegangen. Gestern haben wir bereits vorgearbeitet und gebacken f\u00fcr heute. Denn heute ist unser Team wieder um eine Person kleiner geworden. Nadja ist nach ihren &#8222;Ferien&#8220; hier auf der H\u00fctte nach Hause gefahren. Heut hat sie noch beim Morgenputz geholfen und ist dann mit grossen Schritten Richtung Julier aufgebrochen. Der Himmel hat morgens noch zur Eile gedr\u00e4ngt, am Nachmittag hatten wir dann aber trotzdem noch unsere Portion Sonne abbekommen.<\/p>\n\n\n\n<p>Gestern sind kurz vor dem Nachtessen noch 4 Wanderer bei uns eingetroffen. Sie haben je ein St\u00fcck Kuchen bestellt und sich bei uns in der Stube nochmals aufgew\u00e4rmt. Ihre Frage war dann n\u00e4mlich, wo man hier am besten Zelten kann. Da hab ich sie auf die andere Seite des Bachs vom D&#8217;Err geschickt. Da ist bei unserer Wasserfassung etwas flache Wiese. Doch kaum waren sie 200m von der H\u00fctte entfernt, haben wir gesehen, dass gerade auf dieser Wiese eine Gruppe Rinder am Grasen war. Da waren noch nie Rinder auf dieser Wiese. Die 4 mit dem Zellt mussten sich dann erst mal ihren Platz erk\u00e4mpfen, und durch wildes Gefuchtel und Herumspringen verteidigen.<\/p>\n\n\n\n<p>Heute waren die 4 mit dem Zelt dann nicht mehr da, die Rinder aber immer noch auf der neu gefundenen Wiese. Nur das mit dem R\u00fcckweg hat sich dann offenbar als schwieriger herausgestellt als sich die Viecher es sich vorgestellt hatten. Am Nachmittag ist M\u00e4gi, die Hirtin von der Alp Val, dann bei dieser Gruppe Rinder angekommen. Der einfachste R\u00fcckweg f\u00fchrt von da aus durch den Bach, die Rinder sind w\u00e4hrend 2 Tagen auf der S\u00fcdseite des Bachs bis zu dieser Wiese gewandert. So sind Marco, Evas Kollege, und ich, dann ebenfalls auf Rinderjagd gegangen und haben zusammen mit M\u00e4gi die Tiere \u00fcber den Bach und wieder Richtung Tal gef\u00fchrt. Mit Rufen und wildem Armgefuchtel. Die Viecher sind tiefenentspannt solange es noch nicht regnet und lassen sich doch von so ein paar Menschen nicht so einfach von ihrem Gras verjagen. <\/p>","protected":false},"excerpt":{"rendered":"<p>Die Tage gestern und heute sind schnell vorbeigegangen. Gestern haben wir bereits vorgearbeitet und gebacken f\u00fcr heute. Denn heute ist unser Team wieder um eine Person kleiner geworden. Nadja ist nach ihren &#8222;Ferien&#8220; hier auf der H\u00fctte nach Hause gefahren.<\/p>","protected":false},"author":1,"featured_media":0,"comment_status":"closed","ping_status":"closed","sticky":false,"template":"","format":"standard","meta":{"inline_featured_image":false,"footnotes":""},"categories":[1],"tags":[],"class_list":["post-2627","post","type-post","status-publish","format-standard","hentry","category-allgemein"],"_links":{"self":[{"href":"https:\/\/www.chamannajenatsch.ch\/en\/wp-json\/wp\/v2\/posts\/2627","targetHints":{"allow":["GET"]}}],"collection":[{"href":"https:\/\/www.chamannajenatsch.ch\/en\/wp-json\/wp\/v2\/posts"}],"about":[{"href":"https:\/\/www.chamannajenatsch.ch\/en\/wp-json\/wp\/v2\/types\/post"}],"author":[{"embeddable":true,"href":"https:\/\/www.chamannajenatsch.ch\/en\/wp-json\/wp\/v2\/users\/1"}],"replies":[{"embeddable":true,"href":"https:\/\/www.chamannajenatsch.ch\/en\/wp-json\/wp\/v2\/comments?post=2627"}],"version-history":[{"count":2,"href":"https:\/\/www.chamannajenatsch.ch\/en\/wp-json\/wp\/v2\/posts\/2627\/revisions"}],"predecessor-version":[{"id":2629,"href":"https:\/\/www.chamannajenatsch.ch\/en\/wp-json\/wp\/v2\/posts\/2627\/revisions\/2629"}],"wp:attachment":[{"href":"https:\/\/www.chamannajenatsch.ch\/en\/wp-json\/wp\/v2\/media?parent=2627"}],"wp:term":[{"taxonomy":"category","embeddable":true,"href":"https:\/\/www.chamannajenatsch.ch\/en\/wp-json\/wp\/v2\/categories?post=2627"},{"taxonomy":"post_tag","embeddable":true,"href":"https:\/\/www.chamannajenatsch.ch\/en\/wp-json\/wp\/v2\/tags?post=2627"}],"curies":[{"name":"wp","href":"https:\/\/api.w.org\/{rel}","templated":true}]}}