{"id":2635,"date":"2020-08-21T12:55:19","date_gmt":"2020-08-21T10:55:19","guid":{"rendered":"http:\/\/www.chamannajenatsch.ch\/?p=2635"},"modified":"2020-08-21T12:55:20","modified_gmt":"2020-08-21T10:55:20","slug":"alpabzug","status":"publish","type":"post","link":"https:\/\/www.chamannajenatsch.ch\/en\/2020\/08\/21\/alpabzug\/","title":{"rendered":"Alpabzug"},"content":{"rendered":"<p>Ja, bei uns oben ist der Sommer schon fertig f\u00fcr die Rindli. M\u00e4gi hat die paar Tiere die rundum die H\u00fctte standen heute abgeholt und mit ins Tal genommen. Jetzt k\u00f6nnen sie dort noch ein bisschen fressen, bis es dann ganz runter nach Bever und ins Unterland geht. Wir werden das Glockengebimbel vermissen. <\/p>\n\n\n\n<p>Heute morgen war es auch ziemlich neblig, auch ein bisschen herbstliche Stimmung also. Hier oben ist der Sommer eben schon sehr kurz. Aber momentan ist das Wetter ja noch super, die Tage immer noch lang und perfektes Wanderwetter! <\/p>\n\n\n\n<p>Heute ist es trotz dem sonnigen Wetter etwas ruhiger. Wir k\u00f6nnen uns alle eine Stunde Pause in der Sonne g\u00f6nnen und es gibt wieder mal Pizza, was bei voller H\u00fctte mit unserem Backofen nicht m\u00f6glich ist, bei knapp \u00fcber 20 G\u00e4sten aber schon. Wer sich wohl am meisten freut? Vielleicht das H\u00fcttenteam selber \ud83d\ude09 Wir machen nat\u00fcrlich Dinkelteig, damit Eva trotz der Weizenallergie auch mitessen kann \ud83d\ude42<\/p>","protected":false},"excerpt":{"rendered":"<p>Ja, bei uns oben ist der Sommer schon fertig f\u00fcr die Rindli. M\u00e4gi hat die paar Tiere die rundum die H\u00fctte standen heute abgeholt und mit ins Tal genommen. Jetzt k\u00f6nnen sie dort noch ein bisschen fressen, bis es dann<\/p>","protected":false},"author":1,"featured_media":0,"comment_status":"closed","ping_status":"closed","sticky":false,"template":"","format":"standard","meta":{"inline_featured_image":false,"footnotes":""},"categories":[1],"tags":[],"class_list":["post-2635","post","type-post","status-publish","format-standard","hentry","category-allgemein"],"_links":{"self":[{"href":"https:\/\/www.chamannajenatsch.ch\/en\/wp-json\/wp\/v2\/posts\/2635","targetHints":{"allow":["GET"]}}],"collection":[{"href":"https:\/\/www.chamannajenatsch.ch\/en\/wp-json\/wp\/v2\/posts"}],"about":[{"href":"https:\/\/www.chamannajenatsch.ch\/en\/wp-json\/wp\/v2\/types\/post"}],"author":[{"embeddable":true,"href":"https:\/\/www.chamannajenatsch.ch\/en\/wp-json\/wp\/v2\/users\/1"}],"replies":[{"embeddable":true,"href":"https:\/\/www.chamannajenatsch.ch\/en\/wp-json\/wp\/v2\/comments?post=2635"}],"version-history":[{"count":1,"href":"https:\/\/www.chamannajenatsch.ch\/en\/wp-json\/wp\/v2\/posts\/2635\/revisions"}],"predecessor-version":[{"id":2636,"href":"https:\/\/www.chamannajenatsch.ch\/en\/wp-json\/wp\/v2\/posts\/2635\/revisions\/2636"}],"wp:attachment":[{"href":"https:\/\/www.chamannajenatsch.ch\/en\/wp-json\/wp\/v2\/media?parent=2635"}],"wp:term":[{"taxonomy":"category","embeddable":true,"href":"https:\/\/www.chamannajenatsch.ch\/en\/wp-json\/wp\/v2\/categories?post=2635"},{"taxonomy":"post_tag","embeddable":true,"href":"https:\/\/www.chamannajenatsch.ch\/en\/wp-json\/wp\/v2\/tags?post=2635"}],"curies":[{"name":"wp","href":"https:\/\/api.w.org\/{rel}","templated":true}]}}