{"id":2651,"date":"2020-08-27T18:12:55","date_gmt":"2020-08-27T16:12:55","guid":{"rendered":"http:\/\/www.chamannajenatsch.ch\/?p=2651"},"modified":"2020-08-27T18:14:29","modified_gmt":"2020-08-27T16:14:29","slug":"entschaedigung","status":"publish","type":"post","link":"https:\/\/www.chamannajenatsch.ch\/en\/2020\/08\/27\/entschaedigung\/","title":{"rendered":"Entsch\u00e4digung"},"content":{"rendered":"<p>Ein Tag mit strahlend blauem Himmel, ein Tag fast ohne Tagesg\u00e4ste, ein Abend mit nur knapp 10 G\u00e4sten, wisst ihr was das heisst? Das H\u00fctteteam hat ein bisschen frei! Da wir ja ein paar anstrengende Tage hinter uns haben, ist es umso sch\u00f6ner wenn man raus in die Natur kann. Bewegung, Sonne, die sch\u00f6nste Landschaft und Aussichten bis zum Bernina, was will man mehr? Dani hat sich heute morgen nach dem Fr\u00fchst\u00fcck auf den Weg gemacht und war endlich auf dem Grat zwischen der Fuorcla und dem Piz d&#8217;Agnel, wo er schon lange mal hinwollte. Eva hat sich dann \u00fcber Mittag zum Seeli vom Vadret d&#8217;Err aufgemacht, der leider inzwischen ziemlich geschrumpft und ausgetrocknet ist, und nicht mehr ganz so h\u00fcbsch wie Anfang Saison. Und ich war dann anschliessend noch auf meiner geliebten Cresta Jenatsch mit Aussicht zum Piz Laviner, Piz Ela, Ortler, Berninamassiv und so weiter. <\/p>\n\n\n\n<p>Jetzt m\u00fcssen wir uns wohl leider ein bisschen verabschieden von der Sonne, die n\u00e4chsten paar Tage sieht es ja ziemlich ungem\u00fctlich aus&#8230;<\/p>\n\n\n\n<figure class=\"wp-block-image size-large\"><img fetchpriority=\"high\" decoding=\"async\" width=\"1024\" height=\"576\" src=\"http:\/\/www.chamannajenatsch.ch\/wp-content\/uploads\/2020\/08\/WhatsApp-Image-2020-08-27-at-17.34.05-1024x576.jpeg\" alt=\"\" class=\"wp-image-2654\" srcset=\"https:\/\/www.chamannajenatsch.ch\/wp-content\/uploads\/2020\/08\/WhatsApp-Image-2020-08-27-at-17.34.05-1024x576.jpeg 1024w, https:\/\/www.chamannajenatsch.ch\/wp-content\/uploads\/2020\/08\/WhatsApp-Image-2020-08-27-at-17.34.05-300x169.jpeg 300w, https:\/\/www.chamannajenatsch.ch\/wp-content\/uploads\/2020\/08\/WhatsApp-Image-2020-08-27-at-17.34.05-768x432.jpeg 768w, https:\/\/www.chamannajenatsch.ch\/wp-content\/uploads\/2020\/08\/WhatsApp-Image-2020-08-27-at-17.34.05-1536x864.jpeg 1536w, https:\/\/www.chamannajenatsch.ch\/wp-content\/uploads\/2020\/08\/WhatsApp-Image-2020-08-27-at-17.34.05.jpeg 2048w\" sizes=\"(max-width: 1024px) 100vw, 1024px\" \/><figcaption>Mein Lieblingsplatz \ud83d\ude42<\/figcaption><\/figure>","protected":false},"excerpt":{"rendered":"<p>Ein Tag mit strahlend blauem Himmel, ein Tag fast ohne Tagesg\u00e4ste, ein Abend mit nur knapp 10 G\u00e4sten, wisst ihr was das heisst? Das H\u00fctteteam hat ein bisschen frei! Da wir ja ein paar anstrengende Tage hinter uns haben, ist<\/p>","protected":false},"author":1,"featured_media":0,"comment_status":"closed","ping_status":"closed","sticky":false,"template":"","format":"standard","meta":{"inline_featured_image":false,"footnotes":""},"categories":[1],"tags":[],"class_list":["post-2651","post","type-post","status-publish","format-standard","hentry","category-allgemein"],"_links":{"self":[{"href":"https:\/\/www.chamannajenatsch.ch\/en\/wp-json\/wp\/v2\/posts\/2651","targetHints":{"allow":["GET"]}}],"collection":[{"href":"https:\/\/www.chamannajenatsch.ch\/en\/wp-json\/wp\/v2\/posts"}],"about":[{"href":"https:\/\/www.chamannajenatsch.ch\/en\/wp-json\/wp\/v2\/types\/post"}],"author":[{"embeddable":true,"href":"https:\/\/www.chamannajenatsch.ch\/en\/wp-json\/wp\/v2\/users\/1"}],"replies":[{"embeddable":true,"href":"https:\/\/www.chamannajenatsch.ch\/en\/wp-json\/wp\/v2\/comments?post=2651"}],"version-history":[{"count":2,"href":"https:\/\/www.chamannajenatsch.ch\/en\/wp-json\/wp\/v2\/posts\/2651\/revisions"}],"predecessor-version":[{"id":2655,"href":"https:\/\/www.chamannajenatsch.ch\/en\/wp-json\/wp\/v2\/posts\/2651\/revisions\/2655"}],"wp:attachment":[{"href":"https:\/\/www.chamannajenatsch.ch\/en\/wp-json\/wp\/v2\/media?parent=2651"}],"wp:term":[{"taxonomy":"category","embeddable":true,"href":"https:\/\/www.chamannajenatsch.ch\/en\/wp-json\/wp\/v2\/categories?post=2651"},{"taxonomy":"post_tag","embeddable":true,"href":"https:\/\/www.chamannajenatsch.ch\/en\/wp-json\/wp\/v2\/tags?post=2651"}],"curies":[{"name":"wp","href":"https:\/\/api.w.org\/{rel}","templated":true}]}}