{"id":2773,"date":"2020-09-29T20:33:34","date_gmt":"2020-09-29T18:33:34","guid":{"rendered":"http:\/\/www.chamannajenatsch.ch\/?p=2773"},"modified":"2020-09-29T20:33:37","modified_gmt":"2020-09-29T18:33:37","slug":"alte-zeiten","status":"publish","type":"post","link":"https:\/\/www.chamannajenatsch.ch\/en\/2020\/09\/29\/alte-zeiten\/","title":{"rendered":"Alte Zeiten"},"content":{"rendered":"<p>Beim Aufr\u00e4umen der K\u00fcche ist uns heute wieder eine alte Postkarte begegnet. Es ist leider kein Datum drauf, aber sie ist sicher von vor 1993, da es noch die alte H\u00fctte ist. Nur der vordere Teil, die jetzige Winterk\u00fcche, steht immer noch und stammt noch vom letzten Umbau. Der Vorderteil wurde dann 1993 auch noch erweitert und erh\u00f6ht, das Fenster des Lagers Calderas gab es auf dem Foto der Postkarte noch nicht. <\/p>\n\n\n\n<p>Der Look der H\u00fctte ist aber immer noch \u00e4hnlich wie dazumal, und die Kleidung und Ausr\u00fcstung der Skitoureng\u00e4nger von damals scheint fast mehr auf die Vergangenheit hinzudeuten als die H\u00fcttenfassade \ud83d\ude09 Mit Jeans und Gamaschen auf Skitour hihi. Und war die Farbe Rot war damals wohl in Mode?<\/p>\n\n\n\n<p>\u00dcbrigens haben 4 tapfere G\u00e4ste den Weg heute zu uns hochgefunden. Belohnt wurden sie mit K\u00fcrbissuppe und Plain in Pigna sowie dem versprochenen H\u00fcttenkaffi \ud83d\ude09<\/p>\n\n\n\n<figure class=\"wp-block-image size-large\"><img fetchpriority=\"high\" decoding=\"async\" width=\"872\" height=\"622\" src=\"http:\/\/www.chamannajenatsch.ch\/wp-content\/uploads\/2020\/09\/WhatsApp-Image-2020-09-29-at-20.24.57.jpeg\" alt=\"\" class=\"wp-image-2774\" srcset=\"https:\/\/www.chamannajenatsch.ch\/wp-content\/uploads\/2020\/09\/WhatsApp-Image-2020-09-29-at-20.24.57.jpeg 872w, https:\/\/www.chamannajenatsch.ch\/wp-content\/uploads\/2020\/09\/WhatsApp-Image-2020-09-29-at-20.24.57-300x214.jpeg 300w, https:\/\/www.chamannajenatsch.ch\/wp-content\/uploads\/2020\/09\/WhatsApp-Image-2020-09-29-at-20.24.57-768x548.jpeg 768w\" sizes=\"(max-width: 872px) 100vw, 872px\" \/><\/figure>","protected":false},"excerpt":{"rendered":"<p>Beim Aufr\u00e4umen der K\u00fcche ist uns heute wieder eine alte Postkarte begegnet. Es ist leider kein Datum drauf, aber sie ist sicher von vor 1993, da es noch die alte H\u00fctte ist. Nur der vordere Teil, die jetzige Winterk\u00fcche, steht<\/p>","protected":false},"author":1,"featured_media":0,"comment_status":"closed","ping_status":"closed","sticky":false,"template":"","format":"standard","meta":{"inline_featured_image":false,"footnotes":""},"categories":[1],"tags":[],"class_list":["post-2773","post","type-post","status-publish","format-standard","hentry","category-allgemein"],"_links":{"self":[{"href":"https:\/\/www.chamannajenatsch.ch\/en\/wp-json\/wp\/v2\/posts\/2773","targetHints":{"allow":["GET"]}}],"collection":[{"href":"https:\/\/www.chamannajenatsch.ch\/en\/wp-json\/wp\/v2\/posts"}],"about":[{"href":"https:\/\/www.chamannajenatsch.ch\/en\/wp-json\/wp\/v2\/types\/post"}],"author":[{"embeddable":true,"href":"https:\/\/www.chamannajenatsch.ch\/en\/wp-json\/wp\/v2\/users\/1"}],"replies":[{"embeddable":true,"href":"https:\/\/www.chamannajenatsch.ch\/en\/wp-json\/wp\/v2\/comments?post=2773"}],"version-history":[{"count":1,"href":"https:\/\/www.chamannajenatsch.ch\/en\/wp-json\/wp\/v2\/posts\/2773\/revisions"}],"predecessor-version":[{"id":2775,"href":"https:\/\/www.chamannajenatsch.ch\/en\/wp-json\/wp\/v2\/posts\/2773\/revisions\/2775"}],"wp:attachment":[{"href":"https:\/\/www.chamannajenatsch.ch\/en\/wp-json\/wp\/v2\/media?parent=2773"}],"wp:term":[{"taxonomy":"category","embeddable":true,"href":"https:\/\/www.chamannajenatsch.ch\/en\/wp-json\/wp\/v2\/categories?post=2773"},{"taxonomy":"post_tag","embeddable":true,"href":"https:\/\/www.chamannajenatsch.ch\/en\/wp-json\/wp\/v2\/tags?post=2773"}],"curies":[{"name":"wp","href":"https:\/\/api.w.org\/{rel}","templated":true}]}}