{"id":2788,"date":"2020-10-03T14:48:38","date_gmt":"2020-10-03T12:48:38","guid":{"rendered":"http:\/\/www.chamannajenatsch.ch\/?p=2788"},"modified":"2020-10-03T14:48:40","modified_gmt":"2020-10-03T12:48:40","slug":"verrueckt","status":"publish","type":"post","link":"https:\/\/www.chamannajenatsch.ch\/en\/2020\/10\/03\/verrueckt\/","title":{"rendered":"Verr\u00fcckt"},"content":{"rendered":"<p>Heute Morgen habe ich tats\u00e4chlich einen Schlaf- und Sitzplan f\u00fcr den 13. M\u00e4rz gemacht! Und das Anfang Oktober! Viele konnten ihre Skitouren letztes Jahr nicht machen und wollen es n\u00e4chsten Fr\u00fchling nachholen. Die Gruppen sind zudem extrem fr\u00fch mit ihren Reservationen, da alle wissen, dass wir voraussichtlich immer noch eine beschr\u00e4nkte Anzahl \u00dcbernachtungspl\u00e4tze haben werden und diese entsprechend schnell voll sein werden. Ja, somit habe ich bei einer Gruppenanfrage f\u00fcr den M\u00e4rz bereits die Einteilung machen m\u00fcssen um zu sehen ob es passt oder nicht. Es passt \ud83d\ude09<br><br>\u00dcber Nacht hat es ordentlich gest\u00fcrmt und geregnet. Am Morgen hat es dann noch ca. 10cm geschneit und jetzt kommt die Sonne \ud83d\ude42<\/p>","protected":false},"excerpt":{"rendered":"<p>Heute Morgen habe ich tats\u00e4chlich einen Schlaf- und Sitzplan f\u00fcr den 13. M\u00e4rz gemacht! Und das Anfang Oktober! Viele konnten ihre Skitouren letztes Jahr nicht machen und wollen es n\u00e4chsten Fr\u00fchling nachholen. Die Gruppen sind zudem extrem fr\u00fch mit ihren<\/p>","protected":false},"author":1,"featured_media":0,"comment_status":"closed","ping_status":"closed","sticky":false,"template":"","format":"standard","meta":{"inline_featured_image":false,"footnotes":""},"categories":[1],"tags":[],"class_list":["post-2788","post","type-post","status-publish","format-standard","hentry","category-allgemein"],"_links":{"self":[{"href":"https:\/\/www.chamannajenatsch.ch\/en\/wp-json\/wp\/v2\/posts\/2788","targetHints":{"allow":["GET"]}}],"collection":[{"href":"https:\/\/www.chamannajenatsch.ch\/en\/wp-json\/wp\/v2\/posts"}],"about":[{"href":"https:\/\/www.chamannajenatsch.ch\/en\/wp-json\/wp\/v2\/types\/post"}],"author":[{"embeddable":true,"href":"https:\/\/www.chamannajenatsch.ch\/en\/wp-json\/wp\/v2\/users\/1"}],"replies":[{"embeddable":true,"href":"https:\/\/www.chamannajenatsch.ch\/en\/wp-json\/wp\/v2\/comments?post=2788"}],"version-history":[{"count":1,"href":"https:\/\/www.chamannajenatsch.ch\/en\/wp-json\/wp\/v2\/posts\/2788\/revisions"}],"predecessor-version":[{"id":2789,"href":"https:\/\/www.chamannajenatsch.ch\/en\/wp-json\/wp\/v2\/posts\/2788\/revisions\/2789"}],"wp:attachment":[{"href":"https:\/\/www.chamannajenatsch.ch\/en\/wp-json\/wp\/v2\/media?parent=2788"}],"wp:term":[{"taxonomy":"category","embeddable":true,"href":"https:\/\/www.chamannajenatsch.ch\/en\/wp-json\/wp\/v2\/categories?post=2788"},{"taxonomy":"post_tag","embeddable":true,"href":"https:\/\/www.chamannajenatsch.ch\/en\/wp-json\/wp\/v2\/tags?post=2788"}],"curies":[{"name":"wp","href":"https:\/\/api.w.org\/{rel}","templated":true}]}}