{"id":2857,"date":"2020-10-12T22:00:40","date_gmt":"2020-10-12T20:00:40","guid":{"rendered":"http:\/\/www.chamannajenatsch.ch\/?p=2857"},"modified":"2020-10-12T22:00:42","modified_gmt":"2020-10-12T20:00:42","slug":"byebye","status":"publish","type":"post","link":"https:\/\/www.chamannajenatsch.ch\/en\/2020\/10\/12\/byebye\/","title":{"rendered":"Byebye"},"content":{"rendered":"<p>Dumdidum, langsam wird es Zeit zu gehen. Wir freuen uns nat\u00fcrlich auf die Zwischensaison und die Zeit im Tal mit mehr Freizeit und Besuchen bei Freunden und Familie, aber es f\u00e4llt irgendwie auch schwierig die Jenatsch zu verlassen. Wir waren jetzt seit Mitte Juni fast ununterbrochen hier oben und wir lieben es auch nach dem zweiten Sommer noch. Piz Bever und Piz Ott im Abendlicht, der Kaffee auf der Terasse mit Sicht zur Fuorcla d&#8217;Agnel, der Sonnenaufgang beim Fr\u00fchst\u00fcck machen f\u00fcr die G\u00e4ste, selber draussen in der Morgensonne zm\u00f6rgeln. Es ist einfach immer wieder sch\u00f6n \ud83d\ude42 <br>Heute hat Dani die letzten Fensterdichtungen eingebaut und die Turbine bereits ausgebaut. Nici hat Dampfabzug, Herd und Backofen geschrubbt wie wild, sooo gegl\u00e4nzt hat der Ofen glaub nicht mehr seit er neu eingebaut wurde \ud83d\ude09 Ich habe die letzten Reste Frischwaren verarbeitet: K\u00fcrbis zu Gratin, R\u00fcebli, Ingwer und 1 Orange zu Suppe, 2 Birnen und einen Apfel zu Dessert&#8230; Jetzt bleiben noch Kartoffeln, Zwiebeln und Knobli im Keller und warten auf die Festtage und hungrige Skit\u00fc\u00fcrler Ende Dezember \ud83d\ude09<br>Morgen m\u00fcssen dann eigentlich nur die Last Minute Sachen erledigt werden und hoffentlich k\u00f6nnen wir noch einen Kaffee in der Sonne geniessen bevors dann ab Richtung Tal geht! <br><br>Euch allen vielen lieben Dank f\u00fcr Eure Besuche bei uns oben und das fleissige Tagebuchlesen \ud83d\ude09 <br>Bleibt gesund &amp; see you soon :-*<\/p>","protected":false},"excerpt":{"rendered":"<p>Dumdidum, langsam wird es Zeit zu gehen. Wir freuen uns nat\u00fcrlich auf die Zwischensaison und die Zeit im Tal mit mehr Freizeit und Besuchen bei Freunden und Familie, aber es f\u00e4llt irgendwie auch schwierig die Jenatsch zu verlassen. Wir waren<\/p>","protected":false},"author":1,"featured_media":0,"comment_status":"closed","ping_status":"closed","sticky":false,"template":"","format":"standard","meta":{"inline_featured_image":false,"footnotes":""},"categories":[1],"tags":[],"class_list":["post-2857","post","type-post","status-publish","format-standard","hentry","category-allgemein"],"_links":{"self":[{"href":"https:\/\/www.chamannajenatsch.ch\/en\/wp-json\/wp\/v2\/posts\/2857","targetHints":{"allow":["GET"]}}],"collection":[{"href":"https:\/\/www.chamannajenatsch.ch\/en\/wp-json\/wp\/v2\/posts"}],"about":[{"href":"https:\/\/www.chamannajenatsch.ch\/en\/wp-json\/wp\/v2\/types\/post"}],"author":[{"embeddable":true,"href":"https:\/\/www.chamannajenatsch.ch\/en\/wp-json\/wp\/v2\/users\/1"}],"replies":[{"embeddable":true,"href":"https:\/\/www.chamannajenatsch.ch\/en\/wp-json\/wp\/v2\/comments?post=2857"}],"version-history":[{"count":1,"href":"https:\/\/www.chamannajenatsch.ch\/en\/wp-json\/wp\/v2\/posts\/2857\/revisions"}],"predecessor-version":[{"id":2858,"href":"https:\/\/www.chamannajenatsch.ch\/en\/wp-json\/wp\/v2\/posts\/2857\/revisions\/2858"}],"wp:attachment":[{"href":"https:\/\/www.chamannajenatsch.ch\/en\/wp-json\/wp\/v2\/media?parent=2857"}],"wp:term":[{"taxonomy":"category","embeddable":true,"href":"https:\/\/www.chamannajenatsch.ch\/en\/wp-json\/wp\/v2\/categories?post=2857"},{"taxonomy":"post_tag","embeddable":true,"href":"https:\/\/www.chamannajenatsch.ch\/en\/wp-json\/wp\/v2\/tags?post=2857"}],"curies":[{"name":"wp","href":"https:\/\/api.w.org\/{rel}","templated":true}]}}