{"id":2985,"date":"2020-12-29T12:08:53","date_gmt":"2020-12-29T11:08:53","guid":{"rendered":"http:\/\/www.chamannajenatsch.ch\/?p=2985"},"modified":"2020-12-29T12:08:56","modified_gmt":"2020-12-29T11:08:56","slug":"kalt-und-windig","status":"publish","type":"post","link":"https:\/\/www.chamannajenatsch.ch\/en\/2020\/12\/29\/kalt-und-windig\/","title":{"rendered":"Kalt und windig"},"content":{"rendered":"<p>Gestern war ein eher ungem\u00fctlicher Tag draussen. Trotzdem waren alle G\u00e4ste mal draussen und haben eine oder zwei gute Abfahrten gefunden. <br>Am Abend waren alle gem\u00fctlich in der Stube und mit dem Tag zufrieden. In der K\u00fcche wurde es kurz vor dem Abendessen noch mal stressig. Das Telefon l\u00e4utete ununterbrochen mit Nachfragen, Abmeldungen und Anmeldungen in wilder Abwechslung. <\/p>\n\n\n\n<p>Heute haben sich viele G\u00e4ste von uns verabschiedet und sich Richtung Tal gemacht. Das Wetter ist immer noch nicht das beste und auch der Wind pfeift um die H\u00fctte. Trotzdem kommen heute noch wieder einige G\u00e4ste zu uns hoch und hoffen dann auf die Sonne die uns f\u00fcr morgen versprochen wird \ud83d\ude09<\/p>\n\n\n\n<p>Jetzt gehts an schnippeln f\u00fcr Suppe und Nachtessen! <br><\/p>","protected":false},"excerpt":{"rendered":"<p>Gestern war ein eher ungem\u00fctlicher Tag draussen. Trotzdem waren alle G\u00e4ste mal draussen und haben eine oder zwei gute Abfahrten gefunden. Am Abend waren alle gem\u00fctlich in der Stube und mit dem Tag zufrieden. In der K\u00fcche wurde es kurz<\/p>","protected":false},"author":1,"featured_media":0,"comment_status":"closed","ping_status":"closed","sticky":false,"template":"","format":"standard","meta":{"inline_featured_image":false,"footnotes":""},"categories":[1],"tags":[],"class_list":["post-2985","post","type-post","status-publish","format-standard","hentry","category-allgemein"],"_links":{"self":[{"href":"https:\/\/www.chamannajenatsch.ch\/en\/wp-json\/wp\/v2\/posts\/2985","targetHints":{"allow":["GET"]}}],"collection":[{"href":"https:\/\/www.chamannajenatsch.ch\/en\/wp-json\/wp\/v2\/posts"}],"about":[{"href":"https:\/\/www.chamannajenatsch.ch\/en\/wp-json\/wp\/v2\/types\/post"}],"author":[{"embeddable":true,"href":"https:\/\/www.chamannajenatsch.ch\/en\/wp-json\/wp\/v2\/users\/1"}],"replies":[{"embeddable":true,"href":"https:\/\/www.chamannajenatsch.ch\/en\/wp-json\/wp\/v2\/comments?post=2985"}],"version-history":[{"count":1,"href":"https:\/\/www.chamannajenatsch.ch\/en\/wp-json\/wp\/v2\/posts\/2985\/revisions"}],"predecessor-version":[{"id":2986,"href":"https:\/\/www.chamannajenatsch.ch\/en\/wp-json\/wp\/v2\/posts\/2985\/revisions\/2986"}],"wp:attachment":[{"href":"https:\/\/www.chamannajenatsch.ch\/en\/wp-json\/wp\/v2\/media?parent=2985"}],"wp:term":[{"taxonomy":"category","embeddable":true,"href":"https:\/\/www.chamannajenatsch.ch\/en\/wp-json\/wp\/v2\/categories?post=2985"},{"taxonomy":"post_tag","embeddable":true,"href":"https:\/\/www.chamannajenatsch.ch\/en\/wp-json\/wp\/v2\/tags?post=2985"}],"curies":[{"name":"wp","href":"https:\/\/api.w.org\/{rel}","templated":true}]}}