{"id":3406,"date":"2021-03-11T21:25:22","date_gmt":"2021-03-11T20:25:22","guid":{"rendered":"http:\/\/www.chamannajenatsch.ch\/?p=3406"},"modified":"2021-03-11T21:25:24","modified_gmt":"2021-03-11T20:25:24","slug":"les-amis-romands","status":"publish","type":"post","link":"https:\/\/www.chamannajenatsch.ch\/en\/2021\/03\/11\/les-amis-romands\/","title":{"rendered":"Les amis romands"},"content":{"rendered":"<p>Heute haben wir tats\u00e4chlich mehr franz\u00f6sischsprachige G\u00e4ste als deutschsprachige! Einerseits ist das gut f\u00fcr under franz\u00f6sisch, so dass wir wieder ein bisschen \u00fcben und in Schwung bleiben, anderseits freut es uns nat\u00fcrlich, dass das sch\u00f6ne B\u00fcndnerland und die Haute Route Graub\u00fcnden auch die Romands zu uns bringt. <br><br>Das Wetter war erstaunlich gut heute, ein bisschen Wolken und ein bisschen Wind, ja, aber wir haben Kaffeepause und Zmittag auf der Terasse geniessen k\u00f6nnen, am fr\u00fcher Nachmittag gings sogar ohne Jacke. <br><br>F\u00fcr das Wochenende hoffen wir nun, dass der liebe Klaus seinen Sturm nicht zu fest auspackt und unsere G\u00e4ste auch ein paar sch\u00f6ne Touren geniessen k\u00f6nnen. <\/p>","protected":false},"excerpt":{"rendered":"<p>Heute haben wir tats\u00e4chlich mehr franz\u00f6sischsprachige G\u00e4ste als deutschsprachige! Einerseits ist das gut f\u00fcr under franz\u00f6sisch, so dass wir wieder ein bisschen \u00fcben und in Schwung bleiben, anderseits freut es uns nat\u00fcrlich, dass das sch\u00f6ne B\u00fcndnerland und die Haute Route<\/p>","protected":false},"author":1,"featured_media":0,"comment_status":"closed","ping_status":"closed","sticky":false,"template":"","format":"standard","meta":{"inline_featured_image":false,"footnotes":""},"categories":[1],"tags":[],"class_list":["post-3406","post","type-post","status-publish","format-standard","hentry","category-allgemein"],"_links":{"self":[{"href":"https:\/\/www.chamannajenatsch.ch\/en\/wp-json\/wp\/v2\/posts\/3406","targetHints":{"allow":["GET"]}}],"collection":[{"href":"https:\/\/www.chamannajenatsch.ch\/en\/wp-json\/wp\/v2\/posts"}],"about":[{"href":"https:\/\/www.chamannajenatsch.ch\/en\/wp-json\/wp\/v2\/types\/post"}],"author":[{"embeddable":true,"href":"https:\/\/www.chamannajenatsch.ch\/en\/wp-json\/wp\/v2\/users\/1"}],"replies":[{"embeddable":true,"href":"https:\/\/www.chamannajenatsch.ch\/en\/wp-json\/wp\/v2\/comments?post=3406"}],"version-history":[{"count":1,"href":"https:\/\/www.chamannajenatsch.ch\/en\/wp-json\/wp\/v2\/posts\/3406\/revisions"}],"predecessor-version":[{"id":3407,"href":"https:\/\/www.chamannajenatsch.ch\/en\/wp-json\/wp\/v2\/posts\/3406\/revisions\/3407"}],"wp:attachment":[{"href":"https:\/\/www.chamannajenatsch.ch\/en\/wp-json\/wp\/v2\/media?parent=3406"}],"wp:term":[{"taxonomy":"category","embeddable":true,"href":"https:\/\/www.chamannajenatsch.ch\/en\/wp-json\/wp\/v2\/categories?post=3406"},{"taxonomy":"post_tag","embeddable":true,"href":"https:\/\/www.chamannajenatsch.ch\/en\/wp-json\/wp\/v2\/tags?post=3406"}],"curies":[{"name":"wp","href":"https:\/\/api.w.org\/{rel}","templated":true}]}}