{"id":3447,"date":"2021-03-15T16:20:39","date_gmt":"2021-03-15T15:20:39","guid":{"rendered":"http:\/\/www.chamannajenatsch.ch\/?p=3447"},"modified":"2021-03-15T16:20:41","modified_gmt":"2021-03-15T15:20:41","slug":"wetter-fuer-die-dohlen","status":"publish","type":"post","link":"https:\/\/www.chamannajenatsch.ch\/en\/2021\/03\/15\/wetter-fuer-die-dohlen\/","title":{"rendered":"Wetter f\u00fcr die Dohlen"},"content":{"rendered":"<p>Ja, wenn wir alle Dohlen w\u00e4ren, w\u00fcrden wir dieses Wetter super finden! Es ist wie auf der Achterbahn! Ein bisschen hin und her schaukeln, ufe, abe huiii das macht Spass \ud83d\ude1b <br>F\u00fcr alle anderen leider nicht ganz so spassig. Heute \u00fcber Mittag war es zwar sogar teilweise sonnig und relativ windstill. Es hat gereicht f\u00fcr 10min auf der Terrasse \ud83d\ude09 <br>Unsere zwei G\u00e4ste von heute waren etwas fr\u00fcher unterwegs als die gestrigen und sitzen bereits eine Weile in der Stube bei Schoggi m\u00e9lange und H\u00fcttenkaffi. <br>Wir haben unter anderem die K\u00fcche ein bisschen gr\u00fcndlich geputzt und einen Breil\u00f6ffel hinter dem Regal mit den grossen Kocht\u00f6pfen rausgefischt. Wie lange der wohl schon dort liegt&#8230; \ud83d\ude09 <br>Jaja, jetzt machen wirs uns noch ein bisschen gem\u00fctlich \ud83d\ude09<br><\/p>","protected":false},"excerpt":{"rendered":"<p>Ja, wenn wir alle Dohlen w\u00e4ren, w\u00fcrden wir dieses Wetter super finden! Es ist wie auf der Achterbahn! Ein bisschen hin und her schaukeln, ufe, abe huiii das macht Spass \ud83d\ude1b F\u00fcr alle anderen leider nicht ganz so spassig. Heute<\/p>","protected":false},"author":1,"featured_media":0,"comment_status":"closed","ping_status":"closed","sticky":false,"template":"","format":"standard","meta":{"inline_featured_image":false,"footnotes":""},"categories":[1],"tags":[],"class_list":["post-3447","post","type-post","status-publish","format-standard","hentry","category-allgemein"],"_links":{"self":[{"href":"https:\/\/www.chamannajenatsch.ch\/en\/wp-json\/wp\/v2\/posts\/3447","targetHints":{"allow":["GET"]}}],"collection":[{"href":"https:\/\/www.chamannajenatsch.ch\/en\/wp-json\/wp\/v2\/posts"}],"about":[{"href":"https:\/\/www.chamannajenatsch.ch\/en\/wp-json\/wp\/v2\/types\/post"}],"author":[{"embeddable":true,"href":"https:\/\/www.chamannajenatsch.ch\/en\/wp-json\/wp\/v2\/users\/1"}],"replies":[{"embeddable":true,"href":"https:\/\/www.chamannajenatsch.ch\/en\/wp-json\/wp\/v2\/comments?post=3447"}],"version-history":[{"count":1,"href":"https:\/\/www.chamannajenatsch.ch\/en\/wp-json\/wp\/v2\/posts\/3447\/revisions"}],"predecessor-version":[{"id":3448,"href":"https:\/\/www.chamannajenatsch.ch\/en\/wp-json\/wp\/v2\/posts\/3447\/revisions\/3448"}],"wp:attachment":[{"href":"https:\/\/www.chamannajenatsch.ch\/en\/wp-json\/wp\/v2\/media?parent=3447"}],"wp:term":[{"taxonomy":"category","embeddable":true,"href":"https:\/\/www.chamannajenatsch.ch\/en\/wp-json\/wp\/v2\/categories?post=3447"},{"taxonomy":"post_tag","embeddable":true,"href":"https:\/\/www.chamannajenatsch.ch\/en\/wp-json\/wp\/v2\/tags?post=3447"}],"curies":[{"name":"wp","href":"https:\/\/api.w.org\/{rel}","templated":true}]}}