{"id":3543,"date":"2021-03-28T16:04:08","date_gmt":"2021-03-28T14:04:08","guid":{"rendered":"http:\/\/www.chamannajenatsch.ch\/?p=3543"},"modified":"2021-03-28T16:04:10","modified_gmt":"2021-03-28T14:04:10","slug":"ein-ausfluegli","status":"publish","type":"post","link":"https:\/\/www.chamannajenatsch.ch\/en\/2021\/03\/28\/ein-ausfluegli\/","title":{"rendered":"Ein Ausfl\u00fcgli"},"content":{"rendered":"<p>Dani und Thierry hatten heute Morgen frei und waren auf dem Piz Calderas. So hatte DAni auch endlich mal wieder ein bisschen frei und Auslauf und Thierry konnte sich auch die Umgebung rund um die H\u00fctte von oben anschauen. Der Piz Calderas ist ja der h\u00f6chste Gipfel bei uns und die Aussicht ist wirlich umwerfend, besonders bei diesem fantastischen Wetter. <br>Nici und ich haben Gas gegeben und waren recht schnell mit dem H\u00fcttenwusel fertig. Die ersten G\u00e4ste kamen aber auch schon fr\u00fch, ist es doch recht fr\u00fchlingshaft. Wir hatten \u00fcbrigens die Uhr rechtzeitig gestellt heute morgen trotz der Zeitumstelliung \ud83d\ude09<\/p>\n\n\n\n<p>Ein kleines Fotoshooting hatte auch noch Zeit \ud83d\ude09<\/p>\n\n\n\n<figure class=\"wp-block-image size-large\"><img fetchpriority=\"high\" decoding=\"async\" width=\"1024\" height=\"683\" src=\"http:\/\/www.chamannajenatsch.ch\/wp-content\/uploads\/2021\/03\/osterdeko2021-1024x683.jpeg\" alt=\"\" class=\"wp-image-3544\" srcset=\"https:\/\/www.chamannajenatsch.ch\/wp-content\/uploads\/2021\/03\/osterdeko2021-1024x683.jpeg 1024w, https:\/\/www.chamannajenatsch.ch\/wp-content\/uploads\/2021\/03\/osterdeko2021-300x200.jpeg 300w, https:\/\/www.chamannajenatsch.ch\/wp-content\/uploads\/2021\/03\/osterdeko2021-768x512.jpeg 768w, https:\/\/www.chamannajenatsch.ch\/wp-content\/uploads\/2021\/03\/osterdeko2021-1536x1024.jpeg 1536w, https:\/\/www.chamannajenatsch.ch\/wp-content\/uploads\/2021\/03\/osterdeko2021-16x12.jpeg 16w, https:\/\/www.chamannajenatsch.ch\/wp-content\/uploads\/2021\/03\/osterdeko2021.jpeg 2048w\" sizes=\"(max-width: 1024px) 100vw, 1024px\" \/><\/figure>","protected":false},"excerpt":{"rendered":"<p>Dani und Thierry hatten heute Morgen frei und waren auf dem Piz Calderas. So hatte DAni auch endlich mal wieder ein bisschen frei und Auslauf und Thierry konnte sich auch die Umgebung rund um die H\u00fctte von oben anschauen. Der<\/p>","protected":false},"author":1,"featured_media":0,"comment_status":"closed","ping_status":"closed","sticky":false,"template":"","format":"standard","meta":{"inline_featured_image":false,"footnotes":""},"categories":[1],"tags":[],"class_list":["post-3543","post","type-post","status-publish","format-standard","hentry","category-allgemein"],"_links":{"self":[{"href":"https:\/\/www.chamannajenatsch.ch\/en\/wp-json\/wp\/v2\/posts\/3543","targetHints":{"allow":["GET"]}}],"collection":[{"href":"https:\/\/www.chamannajenatsch.ch\/en\/wp-json\/wp\/v2\/posts"}],"about":[{"href":"https:\/\/www.chamannajenatsch.ch\/en\/wp-json\/wp\/v2\/types\/post"}],"author":[{"embeddable":true,"href":"https:\/\/www.chamannajenatsch.ch\/en\/wp-json\/wp\/v2\/users\/1"}],"replies":[{"embeddable":true,"href":"https:\/\/www.chamannajenatsch.ch\/en\/wp-json\/wp\/v2\/comments?post=3543"}],"version-history":[{"count":1,"href":"https:\/\/www.chamannajenatsch.ch\/en\/wp-json\/wp\/v2\/posts\/3543\/revisions"}],"predecessor-version":[{"id":3545,"href":"https:\/\/www.chamannajenatsch.ch\/en\/wp-json\/wp\/v2\/posts\/3543\/revisions\/3545"}],"wp:attachment":[{"href":"https:\/\/www.chamannajenatsch.ch\/en\/wp-json\/wp\/v2\/media?parent=3543"}],"wp:term":[{"taxonomy":"category","embeddable":true,"href":"https:\/\/www.chamannajenatsch.ch\/en\/wp-json\/wp\/v2\/categories?post=3543"},{"taxonomy":"post_tag","embeddable":true,"href":"https:\/\/www.chamannajenatsch.ch\/en\/wp-json\/wp\/v2\/tags?post=3543"}],"curies":[{"name":"wp","href":"https:\/\/api.w.org\/{rel}","templated":true}]}}