{"id":3608,"date":"2021-04-12T16:18:48","date_gmt":"2021-04-12T14:18:48","guid":{"rendered":"http:\/\/www.chamannajenatsch.ch\/?p=3608"},"modified":"2021-04-12T16:18:50","modified_gmt":"2021-04-12T14:18:50","slug":"pulver-und-nusstorte","status":"publish","type":"post","link":"https:\/\/www.chamannajenatsch.ch\/en\/2021\/04\/12\/pulver-und-nusstorte\/","title":{"rendered":"Pulver und Nusstorte"},"content":{"rendered":"<p>Ein Tag f\u00fcr die Buchhaltung&#8230; Brrr. Aber nun ist wieder ein Monat erledigt und alles was wir hier oben machen m\u00fcssen wir dann im Tal nicht machen in der Zwischensaison. Da kommt ja dann eh noch die Steuererkl\u00e4rung auf uns zu, graus, privat und Gesch\u00e4ft&#8230; <br>Draussen sind allerdings nicht die grossen Schneemengen gekommen, aber so langsam summiert es sich doch ein bisschen und es wird ein sch\u00f6nes P\u00fclverli oberdrauf geben \ud83d\ude42 <br>Nici war f\u00fcr die Backstube zust\u00e4ndig und hat neue Nusstorten gemacht f\u00fcr den Rest der Saison! <\/p>\n\n\n\n<p>Und G\u00e4ste haben wir nat\u00fcrlich auch! 3 an der Zahl \ud83d\ude09 Und sie waren sogar auf dem Piz Surgonda auf dem Hinweg, nicht schlecht!<\/p>","protected":false},"excerpt":{"rendered":"<p>Ein Tag f\u00fcr die Buchhaltung&#8230; Brrr. Aber nun ist wieder ein Monat erledigt und alles was wir hier oben machen m\u00fcssen wir dann im Tal nicht machen in der Zwischensaison. Da kommt ja dann eh noch die Steuererkl\u00e4rung auf uns<\/p>","protected":false},"author":1,"featured_media":0,"comment_status":"closed","ping_status":"closed","sticky":false,"template":"","format":"standard","meta":{"inline_featured_image":false,"footnotes":""},"categories":[1],"tags":[],"class_list":["post-3608","post","type-post","status-publish","format-standard","hentry","category-allgemein"],"_links":{"self":[{"href":"https:\/\/www.chamannajenatsch.ch\/en\/wp-json\/wp\/v2\/posts\/3608","targetHints":{"allow":["GET"]}}],"collection":[{"href":"https:\/\/www.chamannajenatsch.ch\/en\/wp-json\/wp\/v2\/posts"}],"about":[{"href":"https:\/\/www.chamannajenatsch.ch\/en\/wp-json\/wp\/v2\/types\/post"}],"author":[{"embeddable":true,"href":"https:\/\/www.chamannajenatsch.ch\/en\/wp-json\/wp\/v2\/users\/1"}],"replies":[{"embeddable":true,"href":"https:\/\/www.chamannajenatsch.ch\/en\/wp-json\/wp\/v2\/comments?post=3608"}],"version-history":[{"count":1,"href":"https:\/\/www.chamannajenatsch.ch\/en\/wp-json\/wp\/v2\/posts\/3608\/revisions"}],"predecessor-version":[{"id":3609,"href":"https:\/\/www.chamannajenatsch.ch\/en\/wp-json\/wp\/v2\/posts\/3608\/revisions\/3609"}],"wp:attachment":[{"href":"https:\/\/www.chamannajenatsch.ch\/en\/wp-json\/wp\/v2\/media?parent=3608"}],"wp:term":[{"taxonomy":"category","embeddable":true,"href":"https:\/\/www.chamannajenatsch.ch\/en\/wp-json\/wp\/v2\/categories?post=3608"},{"taxonomy":"post_tag","embeddable":true,"href":"https:\/\/www.chamannajenatsch.ch\/en\/wp-json\/wp\/v2\/tags?post=3608"}],"curies":[{"name":"wp","href":"https:\/\/api.w.org\/{rel}","templated":true}]}}