{"id":3610,"date":"2021-04-13T19:17:32","date_gmt":"2021-04-13T17:17:32","guid":{"rendered":"http:\/\/www.chamannajenatsch.ch\/?p=3610"},"modified":"2021-04-13T19:17:35","modified_gmt":"2021-04-13T17:17:35","slug":"hier-sitzt-kollege-senf","status":"publish","type":"post","link":"https:\/\/www.chamannajenatsch.ch\/en\/2021\/04\/13\/hier-sitzt-kollege-senf\/","title":{"rendered":"Hier sitzt Kollege Senf"},"content":{"rendered":"<p>Ja, Thierry, wir haben deinen Platz am K\u00fcchentisch heute weitergegeben. Es gibt n\u00e4mlich Engadiner W\u00fcrste zum Znacht und dazu braucht zumindest Dani ja Senf. F\u00fcr die G\u00e4ste haben wir den Senf sch\u00f6n elegant in kleine T\u00f6pli umgef\u00fcllt, aber da wir zu faul sind um \u00fcberfl\u00fcssigen Abwasch zu machen, haben wir nat\u00fcrlich einfach den ganzen Topf auf dem Tisch. Und f\u00fcr die von euch die nicht aus der Gastro kommen: unser Senf ist in einem 4.8 kg K\u00fcbel \ud83d\ude09 Kollege Senf nimmt also fast mehr Platz ein als Thierry normalerweise \ud83d\ude1b <br>Jaja, sonst wieder ein ruhiger Tag bei uns. Doppelt so viele G\u00e4ste wie gestern: 6! Und nat\u00fcrlich ein bisschen Neuschnee \ud83d\ude42 Ca. 15-20 cm \ud83d\ude42 Poooowww f\u00fcr die n\u00e4chsten Tage!!<br><\/p>","protected":false},"excerpt":{"rendered":"<p>Ja, Thierry, wir haben deinen Platz am K\u00fcchentisch heute weitergegeben. Es gibt n\u00e4mlich Engadiner W\u00fcrste zum Znacht und dazu braucht zumindest Dani ja Senf. F\u00fcr die G\u00e4ste haben wir den Senf sch\u00f6n elegant in kleine T\u00f6pli umgef\u00fcllt, aber da wir<\/p>","protected":false},"author":1,"featured_media":0,"comment_status":"closed","ping_status":"closed","sticky":false,"template":"","format":"standard","meta":{"inline_featured_image":false,"footnotes":""},"categories":[1],"tags":[],"class_list":["post-3610","post","type-post","status-publish","format-standard","hentry","category-allgemein"],"_links":{"self":[{"href":"https:\/\/www.chamannajenatsch.ch\/en\/wp-json\/wp\/v2\/posts\/3610","targetHints":{"allow":["GET"]}}],"collection":[{"href":"https:\/\/www.chamannajenatsch.ch\/en\/wp-json\/wp\/v2\/posts"}],"about":[{"href":"https:\/\/www.chamannajenatsch.ch\/en\/wp-json\/wp\/v2\/types\/post"}],"author":[{"embeddable":true,"href":"https:\/\/www.chamannajenatsch.ch\/en\/wp-json\/wp\/v2\/users\/1"}],"replies":[{"embeddable":true,"href":"https:\/\/www.chamannajenatsch.ch\/en\/wp-json\/wp\/v2\/comments?post=3610"}],"version-history":[{"count":1,"href":"https:\/\/www.chamannajenatsch.ch\/en\/wp-json\/wp\/v2\/posts\/3610\/revisions"}],"predecessor-version":[{"id":3611,"href":"https:\/\/www.chamannajenatsch.ch\/en\/wp-json\/wp\/v2\/posts\/3610\/revisions\/3611"}],"wp:attachment":[{"href":"https:\/\/www.chamannajenatsch.ch\/en\/wp-json\/wp\/v2\/media?parent=3610"}],"wp:term":[{"taxonomy":"category","embeddable":true,"href":"https:\/\/www.chamannajenatsch.ch\/en\/wp-json\/wp\/v2\/categories?post=3610"},{"taxonomy":"post_tag","embeddable":true,"href":"https:\/\/www.chamannajenatsch.ch\/en\/wp-json\/wp\/v2\/tags?post=3610"}],"curies":[{"name":"wp","href":"https:\/\/api.w.org\/{rel}","templated":true}]}}