{"id":3640,"date":"2021-04-20T16:42:37","date_gmt":"2021-04-20T14:42:37","guid":{"rendered":"http:\/\/www.chamannajenatsch.ch\/?p=3640"},"modified":"2021-04-20T16:42:39","modified_gmt":"2021-04-20T14:42:39","slug":"frei","status":"publish","type":"post","link":"https:\/\/www.chamannajenatsch.ch\/en\/2021\/04\/20\/frei\/","title":{"rendered":"Frei"},"content":{"rendered":"<p>Heute hatten Dani und ich frei! Zu zweit was unternehmen, das erste Mal seit Mitte Februar \ud83d\ude42 Nici und Thierry haben den H\u00fcttenwusel gemacht, das Abendessen vorbereitet und die ersten G\u00e4ste mit R\u00f6sti und Pl\u00e4ttli versorgt. Daaaaannke euch! <\/p>\n\n\n\n<p>Wir waren bei sch\u00f6nstem Wetter und f\u00fcr April super Bedingungen auf dem Piz Calderas. Am Morgen war der Himmel stahlblau und keine Wolke zu sehen, sp\u00e4ter sind die Quellwollken dann relativ schnell aufgezogen und haben die Sicht ein bisschen verdeckt. Der Piz Calderas ist sonst schon ein mega Aussichtsberg, von den hohen Walliser bis zum Ortler sieht man. Sch\u00f6\u00f6\u00f6n \ud83d\ude42 <\/p>\n\n\n\n<p>Jetzt sind die Akkus wieder geladen und es geht weiter in der H\u00fcttenk\u00fcche. Mit den guten Bedingungen und dem sch\u00f6nen Wetter haben wir nun doch noch einige G\u00e4ste bei uns \ud83d\ude42<br><\/p>","protected":false},"excerpt":{"rendered":"<p>Heute hatten Dani und ich frei! Zu zweit was unternehmen, das erste Mal seit Mitte Februar \ud83d\ude42 Nici und Thierry haben den H\u00fcttenwusel gemacht, das Abendessen vorbereitet und die ersten G\u00e4ste mit R\u00f6sti und Pl\u00e4ttli versorgt. Daaaaannke euch! Wir waren<\/p>","protected":false},"author":1,"featured_media":0,"comment_status":"closed","ping_status":"closed","sticky":false,"template":"","format":"standard","meta":{"inline_featured_image":false,"footnotes":""},"categories":[1],"tags":[],"class_list":["post-3640","post","type-post","status-publish","format-standard","hentry","category-allgemein"],"_links":{"self":[{"href":"https:\/\/www.chamannajenatsch.ch\/en\/wp-json\/wp\/v2\/posts\/3640","targetHints":{"allow":["GET"]}}],"collection":[{"href":"https:\/\/www.chamannajenatsch.ch\/en\/wp-json\/wp\/v2\/posts"}],"about":[{"href":"https:\/\/www.chamannajenatsch.ch\/en\/wp-json\/wp\/v2\/types\/post"}],"author":[{"embeddable":true,"href":"https:\/\/www.chamannajenatsch.ch\/en\/wp-json\/wp\/v2\/users\/1"}],"replies":[{"embeddable":true,"href":"https:\/\/www.chamannajenatsch.ch\/en\/wp-json\/wp\/v2\/comments?post=3640"}],"version-history":[{"count":1,"href":"https:\/\/www.chamannajenatsch.ch\/en\/wp-json\/wp\/v2\/posts\/3640\/revisions"}],"predecessor-version":[{"id":3641,"href":"https:\/\/www.chamannajenatsch.ch\/en\/wp-json\/wp\/v2\/posts\/3640\/revisions\/3641"}],"wp:attachment":[{"href":"https:\/\/www.chamannajenatsch.ch\/en\/wp-json\/wp\/v2\/media?parent=3640"}],"wp:term":[{"taxonomy":"category","embeddable":true,"href":"https:\/\/www.chamannajenatsch.ch\/en\/wp-json\/wp\/v2\/categories?post=3640"},{"taxonomy":"post_tag","embeddable":true,"href":"https:\/\/www.chamannajenatsch.ch\/en\/wp-json\/wp\/v2\/tags?post=3640"}],"curies":[{"name":"wp","href":"https:\/\/api.w.org\/{rel}","templated":true}]}}