{"id":3644,"date":"2021-04-22T18:52:09","date_gmt":"2021-04-22T16:52:09","guid":{"rendered":"http:\/\/www.chamannajenatsch.ch\/?p=3644"},"modified":"2021-04-22T18:52:12","modified_gmt":"2021-04-22T16:52:12","slug":"1-august","status":"publish","type":"post","link":"https:\/\/www.chamannajenatsch.ch\/en\/2021\/04\/22\/1-august\/","title":{"rendered":"1. August?"},"content":{"rendered":"<p>Heute gibts Engadiner W\u00fcrste zum Znacht. Und Thierry hat noch nie Engadiner W\u00fcrste gepiekst! Zumindest nicht so viele aufs Mal. Und bei 10 G\u00e4sten plus Team konnte er doch ein paar Mal pieksen \ud83d\ude09 Gut hatte er die Kochsch\u00fcrze umgebunden \ud83d\ude09 Es spritzte und es kl\u00f6pfte, fast wie am 1. August. Thierry hatte auf jedenfall seinen Spass und Nici freut sich auch, sie hatte sich die W\u00fcrste heute gew\u00fcnscht zum Znacht f\u00fcr ihren letzten Abend auf der Jenatsch. Morgen wird sie uns verlassen&#8230; Sie kommt ja nat\u00fcrlich wieder im Herbst, aber bis dahin ist es dann noch eine lange Zeit. Thierry bleibt noch bei uns bis zum Schluss n\u00e4chste Woche. Wir hatten auf jedenfall ein super Team diesen Winter mit den beiden. Danke euch 1000mal f\u00fcr die Unterst\u00fctzung, die gute Zeit und die vielen lustigen Stunden in der K\u00fcche. <br> <\/p>","protected":false},"excerpt":{"rendered":"<p>Heute gibts Engadiner W\u00fcrste zum Znacht. Und Thierry hat noch nie Engadiner W\u00fcrste gepiekst! Zumindest nicht so viele aufs Mal. Und bei 10 G\u00e4sten plus Team konnte er doch ein paar Mal pieksen \ud83d\ude09 Gut hatte er die Kochsch\u00fcrze umgebunden<\/p>","protected":false},"author":1,"featured_media":0,"comment_status":"closed","ping_status":"closed","sticky":false,"template":"","format":"standard","meta":{"inline_featured_image":false,"footnotes":""},"categories":[1],"tags":[],"class_list":["post-3644","post","type-post","status-publish","format-standard","hentry","category-allgemein"],"_links":{"self":[{"href":"https:\/\/www.chamannajenatsch.ch\/en\/wp-json\/wp\/v2\/posts\/3644","targetHints":{"allow":["GET"]}}],"collection":[{"href":"https:\/\/www.chamannajenatsch.ch\/en\/wp-json\/wp\/v2\/posts"}],"about":[{"href":"https:\/\/www.chamannajenatsch.ch\/en\/wp-json\/wp\/v2\/types\/post"}],"author":[{"embeddable":true,"href":"https:\/\/www.chamannajenatsch.ch\/en\/wp-json\/wp\/v2\/users\/1"}],"replies":[{"embeddable":true,"href":"https:\/\/www.chamannajenatsch.ch\/en\/wp-json\/wp\/v2\/comments?post=3644"}],"version-history":[{"count":1,"href":"https:\/\/www.chamannajenatsch.ch\/en\/wp-json\/wp\/v2\/posts\/3644\/revisions"}],"predecessor-version":[{"id":3645,"href":"https:\/\/www.chamannajenatsch.ch\/en\/wp-json\/wp\/v2\/posts\/3644\/revisions\/3645"}],"wp:attachment":[{"href":"https:\/\/www.chamannajenatsch.ch\/en\/wp-json\/wp\/v2\/media?parent=3644"}],"wp:term":[{"taxonomy":"category","embeddable":true,"href":"https:\/\/www.chamannajenatsch.ch\/en\/wp-json\/wp\/v2\/categories?post=3644"},{"taxonomy":"post_tag","embeddable":true,"href":"https:\/\/www.chamannajenatsch.ch\/en\/wp-json\/wp\/v2\/tags?post=3644"}],"curies":[{"name":"wp","href":"https:\/\/api.w.org\/{rel}","templated":true}]}}