{"id":3657,"date":"2021-04-28T16:51:21","date_gmt":"2021-04-28T14:51:21","guid":{"rendered":"http:\/\/www.chamannajenatsch.ch\/?p=3657"},"modified":"2021-04-28T16:51:23","modified_gmt":"2021-04-28T14:51:23","slug":"sulz","status":"publish","type":"post","link":"https:\/\/www.chamannajenatsch.ch\/en\/2021\/04\/28\/sulz\/","title":{"rendered":"Sulz"},"content":{"rendered":"<p>Heute haben wir die gleichen 6 G\u00e4ste wie gestern und da die Gruppe auf den Piz Jenatsch wollte, wussten wir, dass wir am Morgen genug Zeit hatten f\u00fcr ein R\u00fcndli. Und da Thierry noch nicht auf dem Piz Surgonda war, haben wir uns f\u00fcr daf\u00fcr entschieden. Auf dem Gipfel haben wir eine gem\u00fctliche Pause gemacht und die Abfahrt ins Val Bever war wie immer super. Dasmal einfach mit Sulz anstatt mit Powder \ud83d\ude09 Ganz unten dann ist der Schnee schon sehr faul, und der Schluss war nicht wirklich ein Genuss, aber das obere Teilst\u00fcck hat entsch\u00e4digt. Durch die Mittagssonne ging es dann wie immer bruzel bruzel wieder den Gegenanstieg zur H\u00fctte hoch. Vorbei an vielen noch mageren Murmelis und den ersten K\u00fcchenschellen \ud83d\ude42<br>Zur\u00fcck bei der H\u00fctte gab es grosse Panache und R\u00f6sti f\u00fcr uns! Thierry hat den ganzen Winter so viele R\u00f6sti gemacht und nie selber eine gegessen, das konnten wir nicht so belassen vor Saisonende \ud83d\ude09<br>Als unsere G\u00e4ste dann ebenfalls sehr happy vom Jenatsch zur\u00fcckkamen, haben sie auch noch R\u00f6sti bekommen und sp\u00e4ter Kaffee und Kuchen. Linzertorte nach Wunsch! Da sie unsere einzige G\u00e4ste sind f\u00fcr diese Tage, haben wir sie w\u00fcnschen lassen gestern \ud83d\ude09 <br>Jetzt haben wir das Znacht gekocht und nehmen den Rest des Nachmittags noch gem\u00fctlich!<\/p>","protected":false},"excerpt":{"rendered":"<p>Heute haben wir die gleichen 6 G\u00e4ste wie gestern und da die Gruppe auf den Piz Jenatsch wollte, wussten wir, dass wir am Morgen genug Zeit hatten f\u00fcr ein R\u00fcndli. Und da Thierry noch nicht auf dem Piz Surgonda war,<\/p>","protected":false},"author":1,"featured_media":0,"comment_status":"closed","ping_status":"closed","sticky":false,"template":"","format":"standard","meta":{"inline_featured_image":false,"footnotes":""},"categories":[1],"tags":[],"class_list":["post-3657","post","type-post","status-publish","format-standard","hentry","category-allgemein"],"_links":{"self":[{"href":"https:\/\/www.chamannajenatsch.ch\/en\/wp-json\/wp\/v2\/posts\/3657","targetHints":{"allow":["GET"]}}],"collection":[{"href":"https:\/\/www.chamannajenatsch.ch\/en\/wp-json\/wp\/v2\/posts"}],"about":[{"href":"https:\/\/www.chamannajenatsch.ch\/en\/wp-json\/wp\/v2\/types\/post"}],"author":[{"embeddable":true,"href":"https:\/\/www.chamannajenatsch.ch\/en\/wp-json\/wp\/v2\/users\/1"}],"replies":[{"embeddable":true,"href":"https:\/\/www.chamannajenatsch.ch\/en\/wp-json\/wp\/v2\/comments?post=3657"}],"version-history":[{"count":1,"href":"https:\/\/www.chamannajenatsch.ch\/en\/wp-json\/wp\/v2\/posts\/3657\/revisions"}],"predecessor-version":[{"id":3658,"href":"https:\/\/www.chamannajenatsch.ch\/en\/wp-json\/wp\/v2\/posts\/3657\/revisions\/3658"}],"wp:attachment":[{"href":"https:\/\/www.chamannajenatsch.ch\/en\/wp-json\/wp\/v2\/media?parent=3657"}],"wp:term":[{"taxonomy":"category","embeddable":true,"href":"https:\/\/www.chamannajenatsch.ch\/en\/wp-json\/wp\/v2\/categories?post=3657"},{"taxonomy":"post_tag","embeddable":true,"href":"https:\/\/www.chamannajenatsch.ch\/en\/wp-json\/wp\/v2\/tags?post=3657"}],"curies":[{"name":"wp","href":"https:\/\/api.w.org\/{rel}","templated":true}]}}