{"id":3689,"date":"2021-04-30T21:20:48","date_gmt":"2021-04-30T19:20:48","guid":{"rendered":"http:\/\/www.chamannajenatsch.ch\/?p=3689"},"modified":"2021-04-30T22:25:43","modified_gmt":"2021-04-30T20:25:43","slug":"cu-in-summer","status":"publish","type":"post","link":"https:\/\/www.chamannajenatsch.ch\/en\/2021\/04\/30\/cu-in-summer\/","title":{"rendered":"See you in summer"},"content":{"rendered":"<p>Sodeli, nun geht die Jenatsch morgen in die Zwischensaison. Wir haben heute noch fleissig geputzt und dieses und jenes fertig gemacht und nun sind wir und die H\u00fctte parat. Am sp\u00e4teren Nachmittag hat es dann auch noch mit dem Flug geklappt und nun haben wir f\u00fcr die Sommersaison einen neuen Tiefk\u00fchler und K\u00fchlschrank \ud83d\ude42 Auch Getr\u00e4nke haben wir schon mitgeflogen und Retouren und einige Privatsachen sind ins Tal bef\u00f6rdert worden. <br>Morgen dann noch Turbine ausbauen, Wasser entleeren, und die letzten paar Sachen erledigen und dann laufen wir Richtung Julierpass und sind gespannt auf die Zivilisation&#8230; <\/p>\n\n\n\n<figure class=\"wp-block-image size-large\"><img fetchpriority=\"high\" decoding=\"async\" width=\"1024\" height=\"495\" src=\"http:\/\/www.chamannajenatsch.ch\/wp-content\/uploads\/2021\/04\/WhatsApp-Image-2021-04-30-at-18.46.29-1024x495.jpeg\" alt=\"\" class=\"wp-image-3692\" srcset=\"https:\/\/www.chamannajenatsch.ch\/wp-content\/uploads\/2021\/04\/WhatsApp-Image-2021-04-30-at-18.46.29-1024x495.jpeg 1024w, https:\/\/www.chamannajenatsch.ch\/wp-content\/uploads\/2021\/04\/WhatsApp-Image-2021-04-30-at-18.46.29-300x145.jpeg 300w, https:\/\/www.chamannajenatsch.ch\/wp-content\/uploads\/2021\/04\/WhatsApp-Image-2021-04-30-at-18.46.29-768x371.jpeg 768w, https:\/\/www.chamannajenatsch.ch\/wp-content\/uploads\/2021\/04\/WhatsApp-Image-2021-04-30-at-18.46.29-1536x742.jpeg 1536w, https:\/\/www.chamannajenatsch.ch\/wp-content\/uploads\/2021\/04\/WhatsApp-Image-2021-04-30-at-18.46.29-16x8.jpeg 16w, https:\/\/www.chamannajenatsch.ch\/wp-content\/uploads\/2021\/04\/WhatsApp-Image-2021-04-30-at-18.46.29.jpeg 2048w\" sizes=\"(max-width: 1024px) 100vw, 1024px\" \/><figcaption>Tiefk\u00fchler und K\u00fchlschrank im Anflug bei Nebel und Wind<\/figcaption><\/figure>","protected":false},"excerpt":{"rendered":"<p>Sodeli, nun geht die Jenatsch morgen in die Zwischensaison. Wir haben heute noch fleissig geputzt und dieses und jenes fertig gemacht und nun sind wir und die H\u00fctte parat. Am sp\u00e4teren Nachmittag hat es dann auch noch mit dem Flug<\/p>","protected":false},"author":1,"featured_media":0,"comment_status":"closed","ping_status":"closed","sticky":false,"template":"","format":"standard","meta":{"inline_featured_image":false,"footnotes":""},"categories":[1],"tags":[],"class_list":["post-3689","post","type-post","status-publish","format-standard","hentry","category-allgemein"],"_links":{"self":[{"href":"https:\/\/www.chamannajenatsch.ch\/en\/wp-json\/wp\/v2\/posts\/3689","targetHints":{"allow":["GET"]}}],"collection":[{"href":"https:\/\/www.chamannajenatsch.ch\/en\/wp-json\/wp\/v2\/posts"}],"about":[{"href":"https:\/\/www.chamannajenatsch.ch\/en\/wp-json\/wp\/v2\/types\/post"}],"author":[{"embeddable":true,"href":"https:\/\/www.chamannajenatsch.ch\/en\/wp-json\/wp\/v2\/users\/1"}],"replies":[{"embeddable":true,"href":"https:\/\/www.chamannajenatsch.ch\/en\/wp-json\/wp\/v2\/comments?post=3689"}],"version-history":[{"count":3,"href":"https:\/\/www.chamannajenatsch.ch\/en\/wp-json\/wp\/v2\/posts\/3689\/revisions"}],"predecessor-version":[{"id":3694,"href":"https:\/\/www.chamannajenatsch.ch\/en\/wp-json\/wp\/v2\/posts\/3689\/revisions\/3694"}],"wp:attachment":[{"href":"https:\/\/www.chamannajenatsch.ch\/en\/wp-json\/wp\/v2\/media?parent=3689"}],"wp:term":[{"taxonomy":"category","embeddable":true,"href":"https:\/\/www.chamannajenatsch.ch\/en\/wp-json\/wp\/v2\/categories?post=3689"},{"taxonomy":"post_tag","embeddable":true,"href":"https:\/\/www.chamannajenatsch.ch\/en\/wp-json\/wp\/v2\/tags?post=3689"}],"curies":[{"name":"wp","href":"https:\/\/api.w.org\/{rel}","templated":true}]}}