{"id":4045,"date":"2021-07-17T16:37:19","date_gmt":"2021-07-17T14:37:19","guid":{"rendered":"http:\/\/www.chamannajenatsch.ch\/?p=4045"},"modified":"2021-07-17T16:38:06","modified_gmt":"2021-07-17T14:38:06","slug":"sonne","status":"publish","type":"post","link":"https:\/\/www.chamannajenatsch.ch\/en\/2021\/07\/17\/sonne\/","title":{"rendered":"Sonne"},"content":{"rendered":"<p>Sonne drinnen, draussen und im Herzen!<br><br>Dieses Sprichwort steht bereits seit einiger Zeit bei uns auf der K\u00fcchenanschlagtafel. Roli hat es uns mal gew\u00fcnscht und nun da er hier war haben wir uns wieder daran erinnert, dass wir dies ja von ihm haben. <br><br>Draussen war es mit der Sonne nicht so gross heute, aber drinnen und im Herzen nat\u00fcrlich schon \ud83d\ude09 <br>Mit so einem guten Team ist es aber auch einfach, dass gute Laune herrscht in der K\u00fcche \ud83d\ude42 <\/p>\n\n\n\n<p>Die G\u00e4ste tr\u00f6pfeln heute sch\u00f6n in regelm\u00e4ssigen Abst\u00e4nden ein. Zwei, nochmal zwei, einer, zwei, zwei, f\u00fcnf! und wieder zwei und zwei \ud83d\ude09 Bis auf zwei Gruppen haben wir heute &#8222;P\u00e4\u00e4rliabend&#8220; wie Eva das immer genannt hat mit ganz vielen Zweiergruppen. Judith ist am Sauna einheizen, Ladina und ich haben Pl\u00e4ttli gemacht und Dani ist am Empfang. Das Znacht k\u00f6chelt schon vor sich her und auch das Dessert ist parat. Alles im Griff \ud83d\ude09<\/p>\n\n\n\n<figure class=\"wp-block-image size-medium\"><img fetchpriority=\"high\" decoding=\"async\" width=\"300\" height=\"225\" src=\"http:\/\/www.chamannajenatsch.ch\/wp-content\/uploads\/2021\/07\/WhatsApp-Image-2021-07-17-at-15.46.36-300x225.jpeg\" alt=\"\" class=\"wp-image-4044\" srcset=\"https:\/\/www.chamannajenatsch.ch\/wp-content\/uploads\/2021\/07\/WhatsApp-Image-2021-07-17-at-15.46.36-300x225.jpeg 300w, https:\/\/www.chamannajenatsch.ch\/wp-content\/uploads\/2021\/07\/WhatsApp-Image-2021-07-17-at-15.46.36-1024x769.jpeg 1024w, https:\/\/www.chamannajenatsch.ch\/wp-content\/uploads\/2021\/07\/WhatsApp-Image-2021-07-17-at-15.46.36-768x577.jpeg 768w, https:\/\/www.chamannajenatsch.ch\/wp-content\/uploads\/2021\/07\/WhatsApp-Image-2021-07-17-at-15.46.36-1536x1154.jpeg 1536w, https:\/\/www.chamannajenatsch.ch\/wp-content\/uploads\/2021\/07\/WhatsApp-Image-2021-07-17-at-15.46.36-16x12.jpeg 16w, https:\/\/www.chamannajenatsch.ch\/wp-content\/uploads\/2021\/07\/WhatsApp-Image-2021-07-17-at-15.46.36.jpeg 2048w\" sizes=\"(max-width: 300px) 100vw, 300px\" \/><\/figure>","protected":false},"excerpt":{"rendered":"<p>Sonne drinnen, draussen und im Herzen! Dieses Sprichwort steht bereits seit einiger Zeit bei uns auf der K\u00fcchenanschlagtafel. Roli hat es uns mal gew\u00fcnscht und nun da er hier war haben wir uns wieder daran erinnert, dass wir dies ja<\/p>","protected":false},"author":1,"featured_media":0,"comment_status":"closed","ping_status":"closed","sticky":false,"template":"","format":"standard","meta":{"inline_featured_image":false,"footnotes":""},"categories":[1],"tags":[],"class_list":["post-4045","post","type-post","status-publish","format-standard","hentry","category-allgemein"],"_links":{"self":[{"href":"https:\/\/www.chamannajenatsch.ch\/en\/wp-json\/wp\/v2\/posts\/4045","targetHints":{"allow":["GET"]}}],"collection":[{"href":"https:\/\/www.chamannajenatsch.ch\/en\/wp-json\/wp\/v2\/posts"}],"about":[{"href":"https:\/\/www.chamannajenatsch.ch\/en\/wp-json\/wp\/v2\/types\/post"}],"author":[{"embeddable":true,"href":"https:\/\/www.chamannajenatsch.ch\/en\/wp-json\/wp\/v2\/users\/1"}],"replies":[{"embeddable":true,"href":"https:\/\/www.chamannajenatsch.ch\/en\/wp-json\/wp\/v2\/comments?post=4045"}],"version-history":[{"count":2,"href":"https:\/\/www.chamannajenatsch.ch\/en\/wp-json\/wp\/v2\/posts\/4045\/revisions"}],"predecessor-version":[{"id":4047,"href":"https:\/\/www.chamannajenatsch.ch\/en\/wp-json\/wp\/v2\/posts\/4045\/revisions\/4047"}],"wp:attachment":[{"href":"https:\/\/www.chamannajenatsch.ch\/en\/wp-json\/wp\/v2\/media?parent=4045"}],"wp:term":[{"taxonomy":"category","embeddable":true,"href":"https:\/\/www.chamannajenatsch.ch\/en\/wp-json\/wp\/v2\/categories?post=4045"},{"taxonomy":"post_tag","embeddable":true,"href":"https:\/\/www.chamannajenatsch.ch\/en\/wp-json\/wp\/v2\/tags?post=4045"}],"curies":[{"name":"wp","href":"https:\/\/api.w.org\/{rel}","templated":true}]}}