{"id":4093,"date":"2021-07-26T17:32:07","date_gmt":"2021-07-26T15:32:07","guid":{"rendered":"http:\/\/www.chamannajenatsch.ch\/?p=4093"},"modified":"2021-07-26T17:38:57","modified_gmt":"2021-07-26T15:38:57","slug":"4093","status":"publish","type":"post","link":"https:\/\/www.chamannajenatsch.ch\/en\/2021\/07\/26\/4093\/","title":{"rendered":"Yoga"},"content":{"rendered":"<p>Hoppla, gestern ging das Tagebuch vergessen. Und ich habe es nicht mal bemerkt. War es stressig? Nein, glaube nicht \ud83d\ude09 Aber hier und da ist halt immer was los. Sebi war ja noch hier und am Morgen kam dann noch ein \u00dcberraschungsgast. Annina hat ihren Rucksack bereits hochgebracht, dass sie n\u00e4chste Woche dann nicht mehr so viel mittragen muss wenn sie dann zu uns kommt f\u00fcr den Monat August \ud83d\ude42 <br>Dann hat es angefangen zu regnen und so hatten wir noch 2 die uns beim H\u00fcttenwusel geholfen haben, bevor Annina und Sebi dann zusammen Richtung Julierpass losgezogen sind. Am Freitag sehen wir denn beide wieder \ud83d\ude09<br>Wir waren dementsprechend schnell fertig mit dem Putz und hatten am Nachmittag bevor die G\u00e4ste kamen sogar Zeit f\u00fcr eine Yogarunde! Dani hat in der K\u00fcche die Stellung gehalten und wir sind zu dritt verschwunden und haben eine Runde Poweryoga gemacht \ud83d\ude42 Super Sache! <br><br>Heute Morgen ist Judith dann auch ins Tal um sich 2 Tage zu erholen. Nun sind wir nur zu Dritt, aber keine Angst, wir haben alles im Griff \ud83d\ude09 Nur \u00fcber Mittag war es kurz ganz bizli hektisch, da die etwa 10 Mittagsmen\u00fcs die wir heute kochen durften alle innerhalb von 5 Minuten bestellt wurden. Lustig, dass irgendwie dann alle zusammen kommen und gehen. Jetzt haben wir auch die Bestellungen f\u00fcr den n\u00e4chsten Heli am Mittwoch erledigt, vor allem Getr\u00e4nke und ein paar &#8222;Specials&#8220; f\u00fcr den 1. August \ud83d\ude42 <\/p>","protected":false},"excerpt":{"rendered":"<p>Hoppla, gestern ging das Tagebuch vergessen. Und ich habe es nicht mal bemerkt. War es stressig? Nein, glaube nicht \ud83d\ude09 Aber hier und da ist halt immer was los. Sebi war ja noch hier und am Morgen kam dann noch<\/p>","protected":false},"author":1,"featured_media":0,"comment_status":"closed","ping_status":"closed","sticky":false,"template":"","format":"standard","meta":{"inline_featured_image":false,"footnotes":""},"categories":[1],"tags":[],"class_list":["post-4093","post","type-post","status-publish","format-standard","hentry","category-allgemein"],"_links":{"self":[{"href":"https:\/\/www.chamannajenatsch.ch\/en\/wp-json\/wp\/v2\/posts\/4093","targetHints":{"allow":["GET"]}}],"collection":[{"href":"https:\/\/www.chamannajenatsch.ch\/en\/wp-json\/wp\/v2\/posts"}],"about":[{"href":"https:\/\/www.chamannajenatsch.ch\/en\/wp-json\/wp\/v2\/types\/post"}],"author":[{"embeddable":true,"href":"https:\/\/www.chamannajenatsch.ch\/en\/wp-json\/wp\/v2\/users\/1"}],"replies":[{"embeddable":true,"href":"https:\/\/www.chamannajenatsch.ch\/en\/wp-json\/wp\/v2\/comments?post=4093"}],"version-history":[{"count":2,"href":"https:\/\/www.chamannajenatsch.ch\/en\/wp-json\/wp\/v2\/posts\/4093\/revisions"}],"predecessor-version":[{"id":4096,"href":"https:\/\/www.chamannajenatsch.ch\/en\/wp-json\/wp\/v2\/posts\/4093\/revisions\/4096"}],"wp:attachment":[{"href":"https:\/\/www.chamannajenatsch.ch\/en\/wp-json\/wp\/v2\/media?parent=4093"}],"wp:term":[{"taxonomy":"category","embeddable":true,"href":"https:\/\/www.chamannajenatsch.ch\/en\/wp-json\/wp\/v2\/categories?post=4093"},{"taxonomy":"post_tag","embeddable":true,"href":"https:\/\/www.chamannajenatsch.ch\/en\/wp-json\/wp\/v2\/tags?post=4093"}],"curies":[{"name":"wp","href":"https:\/\/api.w.org\/{rel}","templated":true}]}}