{"id":4098,"date":"2021-07-27T21:28:41","date_gmt":"2021-07-27T19:28:41","guid":{"rendered":"http:\/\/www.chamannajenatsch.ch\/?p=4098"},"modified":"2021-07-27T21:28:43","modified_gmt":"2021-07-27T19:28:43","slug":"kaffischnapstag","status":"publish","type":"post","link":"https:\/\/www.chamannajenatsch.ch\/en\/2021\/07\/27\/kaffischnapstag\/","title":{"rendered":"Kaffischnapstag"},"content":{"rendered":"<p>Jaja, ich k\u00f6nnte auch schreiben der Regentag, der Tag der falschen Wetterprognose, der Tag der tausend Absagen, aber das ist ja schon fast Standard diesen Sommer, also sagen wir lieber Kaffischnapstag, das ist doch wenigstens etwas Positives und etwas Neues! Das letzte Mal dass wir so viel Kaffischnaps (heute gabs wirklich das komplette Programm: Kaffeeluz, Huuskaffi, Holdrio usw.) ausgeschenkt haben, war wohl letzten August als eine gr\u00f6ssere Gruppe auf den Geschmack gekommen war \ud83d\ude09<br><br>Morgen hoffen wir auf anst\u00e4ndiges Wetter, der Heli soll n\u00e4mlich vor allem neue Getr\u00e4nke bringen und die Zutaten f\u00fcr das 1. August Menu am Sonntag \ud83d\ude42<br><br>Jetzt gibts f\u00fcr uns auch noch ein H\u00fcttenkaffi, Regula muss ja auch noch eins probieren, jetzt wo sie schon so viele f\u00fcr die G\u00e4ste gemacht hat \ud83d\ude09<br><br><\/p>","protected":false},"excerpt":{"rendered":"<p>Jaja, ich k\u00f6nnte auch schreiben der Regentag, der Tag der falschen Wetterprognose, der Tag der tausend Absagen, aber das ist ja schon fast Standard diesen Sommer, also sagen wir lieber Kaffischnapstag, das ist doch wenigstens etwas Positives und etwas Neues!<\/p>","protected":false},"author":1,"featured_media":0,"comment_status":"closed","ping_status":"closed","sticky":false,"template":"","format":"standard","meta":{"inline_featured_image":false,"footnotes":""},"categories":[1],"tags":[],"class_list":["post-4098","post","type-post","status-publish","format-standard","hentry","category-allgemein"],"_links":{"self":[{"href":"https:\/\/www.chamannajenatsch.ch\/en\/wp-json\/wp\/v2\/posts\/4098","targetHints":{"allow":["GET"]}}],"collection":[{"href":"https:\/\/www.chamannajenatsch.ch\/en\/wp-json\/wp\/v2\/posts"}],"about":[{"href":"https:\/\/www.chamannajenatsch.ch\/en\/wp-json\/wp\/v2\/types\/post"}],"author":[{"embeddable":true,"href":"https:\/\/www.chamannajenatsch.ch\/en\/wp-json\/wp\/v2\/users\/1"}],"replies":[{"embeddable":true,"href":"https:\/\/www.chamannajenatsch.ch\/en\/wp-json\/wp\/v2\/comments?post=4098"}],"version-history":[{"count":1,"href":"https:\/\/www.chamannajenatsch.ch\/en\/wp-json\/wp\/v2\/posts\/4098\/revisions"}],"predecessor-version":[{"id":4099,"href":"https:\/\/www.chamannajenatsch.ch\/en\/wp-json\/wp\/v2\/posts\/4098\/revisions\/4099"}],"wp:attachment":[{"href":"https:\/\/www.chamannajenatsch.ch\/en\/wp-json\/wp\/v2\/media?parent=4098"}],"wp:term":[{"taxonomy":"category","embeddable":true,"href":"https:\/\/www.chamannajenatsch.ch\/en\/wp-json\/wp\/v2\/categories?post=4098"},{"taxonomy":"post_tag","embeddable":true,"href":"https:\/\/www.chamannajenatsch.ch\/en\/wp-json\/wp\/v2\/tags?post=4098"}],"curies":[{"name":"wp","href":"https:\/\/api.w.org\/{rel}","templated":true}]}}