{"id":4100,"date":"2021-07-28T15:13:48","date_gmt":"2021-07-28T13:13:48","guid":{"rendered":"http:\/\/www.chamannajenatsch.ch\/?p=4100"},"modified":"2021-07-28T15:13:50","modified_gmt":"2021-07-28T13:13:50","slug":"glueueuehwein","status":"publish","type":"post","link":"https:\/\/www.chamannajenatsch.ch\/en\/2021\/07\/28\/glueueuehwein\/","title":{"rendered":"Gl\u00fc\u00fc\u00fchwein"},"content":{"rendered":"<p>Heieieiei, das Wetter ist einfach SCH&#8230;.! Es war schon nicht sonnig gemeldet f\u00fcr heute, aber es hat jetzt vielleicht 4-5 Stunden durchgesch\u00fcttet, nicht nur ein paar Schauer. Die ersten G\u00e4ste und auch Judith sind klitschnass angekommen. So haben wir uns wieder mal entschieden Gl\u00fchwein zu kochen als kleine Belohnung f\u00fcr diejenigen, die den Weg im Regen auf sich genommen haben. Morgen soll ja dann die Sonne wieder mal kommen \ud83d\ude42<br><br>Regula hat heute den Flug ihres Lebens gemacht! Sie war noch nie vorher im Heli und konnte nun das &#8222;Taxi&#8220; nehmen Richtung Tal. Da wir keinen Ansturm von Tagesg\u00e4sten erwarteten, konnte sie am Morgen mit der HeliBernina nach Samedan fliegen und Dani und ich haben zu zweit Material versorgt und den H\u00fcttenwusel gemacht. <br><br>So, jetzt kochen wir mal was \ud83d\ude09<\/p>","protected":false},"excerpt":{"rendered":"<p>Heieieiei, das Wetter ist einfach SCH&#8230;.! Es war schon nicht sonnig gemeldet f\u00fcr heute, aber es hat jetzt vielleicht 4-5 Stunden durchgesch\u00fcttet, nicht nur ein paar Schauer. Die ersten G\u00e4ste und auch Judith sind klitschnass angekommen. So haben wir uns<\/p>","protected":false},"author":1,"featured_media":0,"comment_status":"closed","ping_status":"closed","sticky":false,"template":"","format":"standard","meta":{"inline_featured_image":false,"footnotes":""},"categories":[1],"tags":[],"class_list":["post-4100","post","type-post","status-publish","format-standard","hentry","category-allgemein"],"_links":{"self":[{"href":"https:\/\/www.chamannajenatsch.ch\/en\/wp-json\/wp\/v2\/posts\/4100","targetHints":{"allow":["GET"]}}],"collection":[{"href":"https:\/\/www.chamannajenatsch.ch\/en\/wp-json\/wp\/v2\/posts"}],"about":[{"href":"https:\/\/www.chamannajenatsch.ch\/en\/wp-json\/wp\/v2\/types\/post"}],"author":[{"embeddable":true,"href":"https:\/\/www.chamannajenatsch.ch\/en\/wp-json\/wp\/v2\/users\/1"}],"replies":[{"embeddable":true,"href":"https:\/\/www.chamannajenatsch.ch\/en\/wp-json\/wp\/v2\/comments?post=4100"}],"version-history":[{"count":1,"href":"https:\/\/www.chamannajenatsch.ch\/en\/wp-json\/wp\/v2\/posts\/4100\/revisions"}],"predecessor-version":[{"id":4101,"href":"https:\/\/www.chamannajenatsch.ch\/en\/wp-json\/wp\/v2\/posts\/4100\/revisions\/4101"}],"wp:attachment":[{"href":"https:\/\/www.chamannajenatsch.ch\/en\/wp-json\/wp\/v2\/media?parent=4100"}],"wp:term":[{"taxonomy":"category","embeddable":true,"href":"https:\/\/www.chamannajenatsch.ch\/en\/wp-json\/wp\/v2\/categories?post=4100"},{"taxonomy":"post_tag","embeddable":true,"href":"https:\/\/www.chamannajenatsch.ch\/en\/wp-json\/wp\/v2\/tags?post=4100"}],"curies":[{"name":"wp","href":"https:\/\/api.w.org\/{rel}","templated":true}]}}