{"id":4104,"date":"2021-07-31T15:10:34","date_gmt":"2021-07-31T13:10:34","guid":{"rendered":"http:\/\/www.chamannajenatsch.ch\/?p=4104"},"modified":"2021-07-31T15:10:37","modified_gmt":"2021-07-31T13:10:37","slug":"rindlliiii","status":"publish","type":"post","link":"https:\/\/www.chamannajenatsch.ch\/en\/2021\/07\/31\/rindlliiii\/","title":{"rendered":"Rindlliiii"},"content":{"rendered":"<p>Yuhuuu die Rindli sind da \ud83d\ude42 Gestern Abend haben sich die ersten hochgewagt \u00fcber den Wanderweg und jetzt bimbelets draussen vor der H\u00fctte. So haben wir wenigstens Action rund um die H\u00fctte, wenn es sich schon in der H\u00fctte in Grenzen haltet. Gestern Abend sind ja Anina und auch Sebi noch hochgekommen und nun sind wir heute zu 5 f\u00fcr 18 G\u00e4ste. Ja, gestern sah es noch anders aus. Schade dass organisierte Wandergruppe am Vorabend die Gruppe von 13 Personen abmelden&#8230; \ud83d\ude41 Ja, so sind wir halt ein bisschen \u00fcberbesetzt, aber so haben wir halt ein bisschen mehr Zeit und nehmens gem\u00fctlich. Die 1. August Weggli f\u00fcrs Fr\u00fchst\u00fcck Morgen sind im Ofen! Anina hat Natron mitgebracht, es gibt also Laugen-1.August-Br\u00f6tli \ud83d\ude42 <br>Und Morgen essen wir halt vor allem selber unser 1. August Menu! Da verrrate ich jetzt aber noch nicht was es gibt \ud83d\ude09<\/p>","protected":false},"excerpt":{"rendered":"<p>Yuhuuu die Rindli sind da \ud83d\ude42 Gestern Abend haben sich die ersten hochgewagt \u00fcber den Wanderweg und jetzt bimbelets draussen vor der H\u00fctte. So haben wir wenigstens Action rund um die H\u00fctte, wenn es sich schon in der H\u00fctte in<\/p>","protected":false},"author":1,"featured_media":0,"comment_status":"closed","ping_status":"closed","sticky":false,"template":"","format":"standard","meta":{"inline_featured_image":false,"footnotes":""},"categories":[1],"tags":[],"class_list":["post-4104","post","type-post","status-publish","format-standard","hentry","category-allgemein"],"_links":{"self":[{"href":"https:\/\/www.chamannajenatsch.ch\/en\/wp-json\/wp\/v2\/posts\/4104","targetHints":{"allow":["GET"]}}],"collection":[{"href":"https:\/\/www.chamannajenatsch.ch\/en\/wp-json\/wp\/v2\/posts"}],"about":[{"href":"https:\/\/www.chamannajenatsch.ch\/en\/wp-json\/wp\/v2\/types\/post"}],"author":[{"embeddable":true,"href":"https:\/\/www.chamannajenatsch.ch\/en\/wp-json\/wp\/v2\/users\/1"}],"replies":[{"embeddable":true,"href":"https:\/\/www.chamannajenatsch.ch\/en\/wp-json\/wp\/v2\/comments?post=4104"}],"version-history":[{"count":1,"href":"https:\/\/www.chamannajenatsch.ch\/en\/wp-json\/wp\/v2\/posts\/4104\/revisions"}],"predecessor-version":[{"id":4105,"href":"https:\/\/www.chamannajenatsch.ch\/en\/wp-json\/wp\/v2\/posts\/4104\/revisions\/4105"}],"wp:attachment":[{"href":"https:\/\/www.chamannajenatsch.ch\/en\/wp-json\/wp\/v2\/media?parent=4104"}],"wp:term":[{"taxonomy":"category","embeddable":true,"href":"https:\/\/www.chamannajenatsch.ch\/en\/wp-json\/wp\/v2\/categories?post=4104"},{"taxonomy":"post_tag","embeddable":true,"href":"https:\/\/www.chamannajenatsch.ch\/en\/wp-json\/wp\/v2\/tags?post=4104"}],"curies":[{"name":"wp","href":"https:\/\/api.w.org\/{rel}","templated":true}]}}