{"id":4114,"date":"2021-08-03T16:11:16","date_gmt":"2021-08-03T14:11:16","guid":{"rendered":"http:\/\/www.chamannajenatsch.ch\/?p=4114"},"modified":"2021-08-03T16:11:18","modified_gmt":"2021-08-03T14:11:18","slug":"yoga","status":"publish","type":"post","link":"https:\/\/www.chamannajenatsch.ch\/en\/2021\/08\/03\/yoga\/","title":{"rendered":"Yoga"},"content":{"rendered":"<p>Heute Morgen durfte ich ausschlafen und Anina und Judith haben das Zmorge gemacht \ud83d\ude42<br>Die Sonne die heute Morgen fr\u00fch so sch\u00f6n vom Himmel strahlte hat sich leider ziemlich schnell im dichten Nebel versteckt und anstatt dass sich der Nebel wieder verzogen hat, ging das ganze wieder mal in Regen \u00fcber. Oh wunder, es scheint ja auch kein Tag ohne Regen zu geben im Moment&#8230; <br>Vor dem Mittag haben wir also noch nicht allzufest mit G\u00e4sten gerechnet und haben zu Dritt in der K\u00fcche eine Yogasession gemacht. Eine kurze Runde von 25 min, aber immerhin hat man sich so etwas bewegt, wenn es bei dem Wetter ja nicht verlockend ist sich draussen rumzutreiben. Einmal hat das Telefon geschellt, aber ansonsten hatten wir Gl\u00fcck und niemand hat uns beobachtet \ud83d\ude09 <br><\/p>\n\n\n\n<p>Die ersten G\u00e4ste waren dann aber zeitig bei uns und wir haben den Ofen in der Stube eingeheizt, damit es ein bisschen gem\u00fctlich wird wenn schon draussen nix mit Sommer ist. Ein ganz normaler Herbsttag w\u00fcrde man meinen \ud83d\ude09<\/p>","protected":false},"excerpt":{"rendered":"<p>Heute Morgen durfte ich ausschlafen und Anina und Judith haben das Zmorge gemacht \ud83d\ude42Die Sonne die heute Morgen fr\u00fch so sch\u00f6n vom Himmel strahlte hat sich leider ziemlich schnell im dichten Nebel versteckt und anstatt dass sich der Nebel wieder<\/p>","protected":false},"author":1,"featured_media":0,"comment_status":"closed","ping_status":"closed","sticky":false,"template":"","format":"standard","meta":{"inline_featured_image":false,"footnotes":""},"categories":[1],"tags":[],"class_list":["post-4114","post","type-post","status-publish","format-standard","hentry","category-allgemein"],"_links":{"self":[{"href":"https:\/\/www.chamannajenatsch.ch\/en\/wp-json\/wp\/v2\/posts\/4114","targetHints":{"allow":["GET"]}}],"collection":[{"href":"https:\/\/www.chamannajenatsch.ch\/en\/wp-json\/wp\/v2\/posts"}],"about":[{"href":"https:\/\/www.chamannajenatsch.ch\/en\/wp-json\/wp\/v2\/types\/post"}],"author":[{"embeddable":true,"href":"https:\/\/www.chamannajenatsch.ch\/en\/wp-json\/wp\/v2\/users\/1"}],"replies":[{"embeddable":true,"href":"https:\/\/www.chamannajenatsch.ch\/en\/wp-json\/wp\/v2\/comments?post=4114"}],"version-history":[{"count":1,"href":"https:\/\/www.chamannajenatsch.ch\/en\/wp-json\/wp\/v2\/posts\/4114\/revisions"}],"predecessor-version":[{"id":4115,"href":"https:\/\/www.chamannajenatsch.ch\/en\/wp-json\/wp\/v2\/posts\/4114\/revisions\/4115"}],"wp:attachment":[{"href":"https:\/\/www.chamannajenatsch.ch\/en\/wp-json\/wp\/v2\/media?parent=4114"}],"wp:term":[{"taxonomy":"category","embeddable":true,"href":"https:\/\/www.chamannajenatsch.ch\/en\/wp-json\/wp\/v2\/categories?post=4114"},{"taxonomy":"post_tag","embeddable":true,"href":"https:\/\/www.chamannajenatsch.ch\/en\/wp-json\/wp\/v2\/tags?post=4114"}],"curies":[{"name":"wp","href":"https:\/\/api.w.org\/{rel}","templated":true}]}}