{"id":4136,"date":"2021-08-10T21:54:23","date_gmt":"2021-08-10T19:54:23","guid":{"rendered":"http:\/\/www.chamannajenatsch.ch\/?p=4136"},"modified":"2021-08-10T21:54:25","modified_gmt":"2021-08-10T19:54:25","slug":"bergsommer","status":"publish","type":"post","link":"https:\/\/www.chamannajenatsch.ch\/en\/2021\/08\/10\/bergsommer\/","title":{"rendered":"Bergsommer"},"content":{"rendered":"<p>Yuhuuu auch da oben ist es jetzt richtig Sommer. Ich bin nach meinen zwei Freitagen auch wieder da \ud83d\ude42 Es war zwar ein kurzer Talbesuch, aber daf\u00fcr hatte ich zwei Tage sch\u00f6nes Wetter und konnte es ein bisschen geniessen. <\/p>\n\n\n\n<p>Hier oben war auch einiges los und wir hatten ein richtiges Corona Fullhouse an diesem Dienstag \ud83d\ude42 Fast alle G\u00e4ste kamen von der Es-Cha und waren entsprechend ein bisschen sp\u00e4ter erst bei uns. Aber ausnahmsweise sind mal alle angekommen, super! <br><br>Jetzt sind wir morgen wieder zu viert und dann kommt auch noch Judith wieder hoch. Dann haben wir auch noch alle ein bisschen Zeit zum P\u00e4\u00e4\u00e4\u00e4usle machen und s\u00f6\u00f6\u00f6nele. <br><\/p>","protected":false},"excerpt":{"rendered":"<p>Yuhuuu auch da oben ist es jetzt richtig Sommer. Ich bin nach meinen zwei Freitagen auch wieder da \ud83d\ude42 Es war zwar ein kurzer Talbesuch, aber daf\u00fcr hatte ich zwei Tage sch\u00f6nes Wetter und konnte es ein bisschen geniessen. Hier<\/p>","protected":false},"author":1,"featured_media":0,"comment_status":"closed","ping_status":"closed","sticky":false,"template":"","format":"standard","meta":{"inline_featured_image":false,"footnotes":""},"categories":[1],"tags":[],"class_list":["post-4136","post","type-post","status-publish","format-standard","hentry","category-allgemein"],"_links":{"self":[{"href":"https:\/\/www.chamannajenatsch.ch\/en\/wp-json\/wp\/v2\/posts\/4136","targetHints":{"allow":["GET"]}}],"collection":[{"href":"https:\/\/www.chamannajenatsch.ch\/en\/wp-json\/wp\/v2\/posts"}],"about":[{"href":"https:\/\/www.chamannajenatsch.ch\/en\/wp-json\/wp\/v2\/types\/post"}],"author":[{"embeddable":true,"href":"https:\/\/www.chamannajenatsch.ch\/en\/wp-json\/wp\/v2\/users\/1"}],"replies":[{"embeddable":true,"href":"https:\/\/www.chamannajenatsch.ch\/en\/wp-json\/wp\/v2\/comments?post=4136"}],"version-history":[{"count":1,"href":"https:\/\/www.chamannajenatsch.ch\/en\/wp-json\/wp\/v2\/posts\/4136\/revisions"}],"predecessor-version":[{"id":4137,"href":"https:\/\/www.chamannajenatsch.ch\/en\/wp-json\/wp\/v2\/posts\/4136\/revisions\/4137"}],"wp:attachment":[{"href":"https:\/\/www.chamannajenatsch.ch\/en\/wp-json\/wp\/v2\/media?parent=4136"}],"wp:term":[{"taxonomy":"category","embeddable":true,"href":"https:\/\/www.chamannajenatsch.ch\/en\/wp-json\/wp\/v2\/categories?post=4136"},{"taxonomy":"post_tag","embeddable":true,"href":"https:\/\/www.chamannajenatsch.ch\/en\/wp-json\/wp\/v2\/tags?post=4136"}],"curies":[{"name":"wp","href":"https:\/\/api.w.org\/{rel}","templated":true}]}}