{"id":4141,"date":"2021-08-12T21:57:36","date_gmt":"2021-08-12T19:57:36","guid":{"rendered":"http:\/\/www.chamannajenatsch.ch\/?p=4141"},"modified":"2021-08-12T21:57:38","modified_gmt":"2021-08-12T19:57:38","slug":"on-tour","status":"publish","type":"post","link":"https:\/\/www.chamannajenatsch.ch\/en\/2021\/08\/12\/on-tour\/","title":{"rendered":"On tour"},"content":{"rendered":"<p>Heute durfte ich mit Nici einen Ausflug machen. Wir haben am MOrgen noch beim H\u00fcttenwusel geholfen, aber zu f\u00fcnft ist man schneeeelll \ud83d\ude42 Um 10 sind wir dann los bis zur Fuorcla d&#8217;Agnel und dann von dort dem Grat nach hochgekraxelt. Das Wetter war heute perfekt, alles im Tshirt unterwegs und die Aussicht war nat\u00fcrlich auch Hammer, sowohl die nahe Umgebung als auch die Ferne mit den Bergeller, dem bernina Massiv und vielen mehr \ud83d\ude42<br>W\u00e4hrenddessen gab es einige Tagesg\u00e4ste die von Dani, Judith und Anina bewirtet wurden. Am Abend hatten wir wieder ca. 40 G\u00e4ste und es waren alle happy, aufgestellt und dankbar! Sch\u00f6n \ud83d\ude42 So macht es Freude H\u00fcttenwart zu sein! <br><br>Jetzt sind alle G\u00e4ste im Bett, wir machen noch das Fr\u00fchst\u00fcck parat und dann gehen wir noch kurz vor die H\u00fctte und hoffen dass wir ein paar Sternschnuppen sehen. Haben wir gestern auch schon gemacht, f\u00fcr Jenatschverh\u00e4ltnisse sind es lauwarme N\u00e4chte draussen und der Sternhimmel wundersch\u00f6n. Gute Nacht!<\/p>","protected":false},"excerpt":{"rendered":"<p>Heute durfte ich mit Nici einen Ausflug machen. Wir haben am MOrgen noch beim H\u00fcttenwusel geholfen, aber zu f\u00fcnft ist man schneeeelll \ud83d\ude42 Um 10 sind wir dann los bis zur Fuorcla d&#8217;Agnel und dann von dort dem Grat nach<\/p>","protected":false},"author":1,"featured_media":0,"comment_status":"closed","ping_status":"closed","sticky":false,"template":"","format":"standard","meta":{"inline_featured_image":false,"footnotes":""},"categories":[1],"tags":[],"class_list":["post-4141","post","type-post","status-publish","format-standard","hentry","category-allgemein"],"_links":{"self":[{"href":"https:\/\/www.chamannajenatsch.ch\/en\/wp-json\/wp\/v2\/posts\/4141","targetHints":{"allow":["GET"]}}],"collection":[{"href":"https:\/\/www.chamannajenatsch.ch\/en\/wp-json\/wp\/v2\/posts"}],"about":[{"href":"https:\/\/www.chamannajenatsch.ch\/en\/wp-json\/wp\/v2\/types\/post"}],"author":[{"embeddable":true,"href":"https:\/\/www.chamannajenatsch.ch\/en\/wp-json\/wp\/v2\/users\/1"}],"replies":[{"embeddable":true,"href":"https:\/\/www.chamannajenatsch.ch\/en\/wp-json\/wp\/v2\/comments?post=4141"}],"version-history":[{"count":1,"href":"https:\/\/www.chamannajenatsch.ch\/en\/wp-json\/wp\/v2\/posts\/4141\/revisions"}],"predecessor-version":[{"id":4142,"href":"https:\/\/www.chamannajenatsch.ch\/en\/wp-json\/wp\/v2\/posts\/4141\/revisions\/4142"}],"wp:attachment":[{"href":"https:\/\/www.chamannajenatsch.ch\/en\/wp-json\/wp\/v2\/media?parent=4141"}],"wp:term":[{"taxonomy":"category","embeddable":true,"href":"https:\/\/www.chamannajenatsch.ch\/en\/wp-json\/wp\/v2\/categories?post=4141"},{"taxonomy":"post_tag","embeddable":true,"href":"https:\/\/www.chamannajenatsch.ch\/en\/wp-json\/wp\/v2\/tags?post=4141"}],"curies":[{"name":"wp","href":"https:\/\/api.w.org\/{rel}","templated":true}]}}