{"id":4157,"date":"2021-08-21T14:50:58","date_gmt":"2021-08-21T12:50:58","guid":{"rendered":"http:\/\/www.chamannajenatsch.ch\/?p=4157"},"modified":"2021-08-21T14:51:01","modified_gmt":"2021-08-21T12:51:01","slug":"alpabzug-2","status":"publish","type":"post","link":"https:\/\/www.chamannajenatsch.ch\/en\/2021\/08\/21\/alpabzug-2\/","title":{"rendered":"Alpabzug"},"content":{"rendered":"<p>Ooooh die Rindli sind weg \ud83d\ude41 Heute Morgen sind die Ch\u00fceli wieder ins Tal. Fertig Gebimbel vor der H\u00fctte. Jetzt sind sie bis Ende August noch unten bei der Alp Val, aber bei uns oben ist die Saison schon vorbei. Das stimmt immer ein bisschen wehm\u00fctig, da das auch irgendwie heisst, dass der Sommer sich schon dem Ende zuneigt und der Herbst eingel\u00e4utet wird. Nicht, dass der Herbst nicht sch\u00f6n ist, aber ja, der Sommer ist eben schon sehr kurz hier oben. Und wir lieben es den Ch\u00fceli zuzuschauen und werden auch die Besuche von M\u00e4gi vermissen, kann man doch immer so sch\u00f6n gem\u00fctlich mit ihr zusammenh\u00f6ckle und pl\u00e4uderle wenn sie bei ihrem Tieren vorbeischaut und noch auf einen Kuchen zu uns kommt. <br>Man sieht es aber auch an der Vegetation, es ist alles schon leicht br\u00e4unlich und die meisten gelben Gemswurz und bleuen Vergissmeinnicht die sonst um die H\u00fctte herum leuchten, sind verbl\u00fcht. <\/p>\n\n\n\n<p>Heute ist aber richtig sch\u00f6nes Sommer-Wanderwetter und das hat auch viele Tagesg\u00e4ste zu uns hochgelockt. Auch H\u00fcttenchef Jachen kam mit seiner Frau Barbara und Kollegen zum R\u00f6stiessen zu Besuch und haben noch Selbergemachtes mitgebracht \ud83d\ude42 Vielen lieben Dank f\u00fcr den Besuch und die Mitbringsel! <br><br>Jetzt sind alle Tagesg\u00e4ste wieder verschwunden, das Znacht ist soweit vorbereitet und wir warten auf die \u00dcbernachtungsg\u00e4ste \ud83d\ude09<\/p>","protected":false},"excerpt":{"rendered":"<p>Ooooh die Rindli sind weg \ud83d\ude41 Heute Morgen sind die Ch\u00fceli wieder ins Tal. Fertig Gebimbel vor der H\u00fctte. Jetzt sind sie bis Ende August noch unten bei der Alp Val, aber bei uns oben ist die Saison schon vorbei.<\/p>","protected":false},"author":1,"featured_media":0,"comment_status":"closed","ping_status":"closed","sticky":false,"template":"","format":"standard","meta":{"inline_featured_image":false,"footnotes":""},"categories":[1],"tags":[],"class_list":["post-4157","post","type-post","status-publish","format-standard","hentry","category-allgemein"],"_links":{"self":[{"href":"https:\/\/www.chamannajenatsch.ch\/en\/wp-json\/wp\/v2\/posts\/4157","targetHints":{"allow":["GET"]}}],"collection":[{"href":"https:\/\/www.chamannajenatsch.ch\/en\/wp-json\/wp\/v2\/posts"}],"about":[{"href":"https:\/\/www.chamannajenatsch.ch\/en\/wp-json\/wp\/v2\/types\/post"}],"author":[{"embeddable":true,"href":"https:\/\/www.chamannajenatsch.ch\/en\/wp-json\/wp\/v2\/users\/1"}],"replies":[{"embeddable":true,"href":"https:\/\/www.chamannajenatsch.ch\/en\/wp-json\/wp\/v2\/comments?post=4157"}],"version-history":[{"count":1,"href":"https:\/\/www.chamannajenatsch.ch\/en\/wp-json\/wp\/v2\/posts\/4157\/revisions"}],"predecessor-version":[{"id":4158,"href":"https:\/\/www.chamannajenatsch.ch\/en\/wp-json\/wp\/v2\/posts\/4157\/revisions\/4158"}],"wp:attachment":[{"href":"https:\/\/www.chamannajenatsch.ch\/en\/wp-json\/wp\/v2\/media?parent=4157"}],"wp:term":[{"taxonomy":"category","embeddable":true,"href":"https:\/\/www.chamannajenatsch.ch\/en\/wp-json\/wp\/v2\/categories?post=4157"},{"taxonomy":"post_tag","embeddable":true,"href":"https:\/\/www.chamannajenatsch.ch\/en\/wp-json\/wp\/v2\/tags?post=4157"}],"curies":[{"name":"wp","href":"https:\/\/api.w.org\/{rel}","templated":true}]}}