{"id":4224,"date":"2021-09-14T18:19:26","date_gmt":"2021-09-14T16:19:26","guid":{"rendered":"http:\/\/www.chamannajenatsch.ch\/?p=4224"},"modified":"2021-09-14T18:24:20","modified_gmt":"2021-09-14T16:24:20","slug":"die-huette-von-oben","status":"publish","type":"post","link":"https:\/\/www.chamannajenatsch.ch\/en\/2021\/09\/14\/die-huette-von-oben\/","title":{"rendered":"Die H\u00fctte von oben"},"content":{"rendered":"<p>Heute waren Nici und Judith auf Tour \ud83d\ude42 Sie waren auf dem Traunter Ovas und haben zu uns runtergewinkt! Und Nici hat ein super Foto der H\u00fctte von oben gemacht, vom Traunter Ovas wie aus der Vogelperspekitve \ud83d\ude42 Sie haben die Runde gemacht wie im Winter. Diese Seite hoch und durchs Val Bever wieder runter und zur\u00fcck. Sie waren schnell unterwegs und so hat es gerade gepasst, dass wir mit dem H\u00fcttenwusel fertig waren als sie vond er Tour zur\u00fcckgekommen sind. \u00dcber Mittag haben wir dann ein bisschen gekocht und vorbereitet und nachher war es noch erstaunlich lange sonnig und wir konnten es noch auf der Terrasse geniessen. <\/p>\n\n\n\n<p>Heute ist noch Familie von Dani zu Besuch \ud83d\ude42 Pappi, Onkel mit Frau und Tante! Sch\u00f6n sind sie hier und sehen auch mal wo wir wohnen und arbeiten w\u00e4hrend 7 Monaten im Jahr. <\/p>\n\n\n\n<p>Nach der ersten anstrengenden Begegnung mit dem Zertifikat gestern, haben heute alle vorbildlich Handy und Ausweis bereit gehalten beim Anmeldung am Tresen! Danke! <\/p>\n\n\n\n<p>Heute gibt es Luganighe mit Kartoffelgratin zum Znacht hmmmmm \ud83d\ude42<\/p>\n\n\n\n<figure class=\"wp-block-image size-full\"><img fetchpriority=\"high\" decoding=\"async\" width=\"1024\" height=\"683\" src=\"http:\/\/www.chamannajenatsch.ch\/wp-content\/uploads\/2021\/09\/MG_1573.jpg\" alt=\"\" class=\"wp-image-4226\" srcset=\"https:\/\/www.chamannajenatsch.ch\/wp-content\/uploads\/2021\/09\/MG_1573.jpg 1024w, https:\/\/www.chamannajenatsch.ch\/wp-content\/uploads\/2021\/09\/MG_1573-300x200.jpg 300w, https:\/\/www.chamannajenatsch.ch\/wp-content\/uploads\/2021\/09\/MG_1573-768x512.jpg 768w, https:\/\/www.chamannajenatsch.ch\/wp-content\/uploads\/2021\/09\/MG_1573-16x12.jpg 16w\" sizes=\"(max-width: 1024px) 100vw, 1024px\" \/><\/figure>","protected":false},"excerpt":{"rendered":"<p>Heute waren Nici und Judith auf Tour \ud83d\ude42 Sie waren auf dem Traunter Ovas und haben zu uns runtergewinkt! Und Nici hat ein super Foto der H\u00fctte von oben gemacht, vom Traunter Ovas wie aus der Vogelperspekitve \ud83d\ude42 Sie haben<\/p>","protected":false},"author":1,"featured_media":0,"comment_status":"closed","ping_status":"closed","sticky":false,"template":"","format":"standard","meta":{"inline_featured_image":false,"footnotes":""},"categories":[1],"tags":[],"class_list":["post-4224","post","type-post","status-publish","format-standard","hentry","category-allgemein"],"_links":{"self":[{"href":"https:\/\/www.chamannajenatsch.ch\/en\/wp-json\/wp\/v2\/posts\/4224","targetHints":{"allow":["GET"]}}],"collection":[{"href":"https:\/\/www.chamannajenatsch.ch\/en\/wp-json\/wp\/v2\/posts"}],"about":[{"href":"https:\/\/www.chamannajenatsch.ch\/en\/wp-json\/wp\/v2\/types\/post"}],"author":[{"embeddable":true,"href":"https:\/\/www.chamannajenatsch.ch\/en\/wp-json\/wp\/v2\/users\/1"}],"replies":[{"embeddable":true,"href":"https:\/\/www.chamannajenatsch.ch\/en\/wp-json\/wp\/v2\/comments?post=4224"}],"version-history":[{"count":2,"href":"https:\/\/www.chamannajenatsch.ch\/en\/wp-json\/wp\/v2\/posts\/4224\/revisions"}],"predecessor-version":[{"id":4227,"href":"https:\/\/www.chamannajenatsch.ch\/en\/wp-json\/wp\/v2\/posts\/4224\/revisions\/4227"}],"wp:attachment":[{"href":"https:\/\/www.chamannajenatsch.ch\/en\/wp-json\/wp\/v2\/media?parent=4224"}],"wp:term":[{"taxonomy":"category","embeddable":true,"href":"https:\/\/www.chamannajenatsch.ch\/en\/wp-json\/wp\/v2\/categories?post=4224"},{"taxonomy":"post_tag","embeddable":true,"href":"https:\/\/www.chamannajenatsch.ch\/en\/wp-json\/wp\/v2\/tags?post=4224"}],"curies":[{"name":"wp","href":"https:\/\/api.w.org\/{rel}","templated":true}]}}