{"id":4235,"date":"2021-09-17T20:36:46","date_gmt":"2021-09-17T18:36:46","guid":{"rendered":"http:\/\/www.chamannajenatsch.ch\/?p=4235"},"modified":"2021-09-17T20:36:49","modified_gmt":"2021-09-17T18:36:49","slug":"herbstsonne","status":"publish","type":"post","link":"https:\/\/www.chamannajenatsch.ch\/en\/2021\/09\/17\/herbstsonne\/","title":{"rendered":"Herbstsonne"},"content":{"rendered":"<p>Yeah heute war ein Tag zum S\u00f6nneleeee. Am Morgen sah es zwar noch nicht so aus und das Fr\u00fchst\u00fcck nahmen wir auch noch drinnen. Aber nach dem kurzen H\u00fcttenwusel am Morgen kam dann langsam die Sonne und wir sassen zuerst in Pulli und Jacke auf dem B\u00e4nkli und nachher dann irgendwann im T-shirt auf der Terrasse. Als der erste Gast kam, gingen wir in die K\u00fcche zum Kochen, Dani und Judith haben der Turbine und dem Sandfang einen Besuch abgestattet und alles wieder freigeschaufelt. Nachher sassen wir beim Zmittag dann wieder eine ganze Weile an der Sonne. Alles ohne Sonnencreme, da wir dachten dass bald eh wieder eine Wolke kommen w\u00fcrde. \u00c4h nei! Jetzt haben wir alle ein bisschen Farbe bekommen. Judith und Dani haben dann die zweite Nachmittagsh\u00e4lfte auch noch die Winterpfosten neu gesetzt. Einer war umgefallen, einer war schr\u00e4g und nicht so gut sichtbar (da in einem Murmeliloch gesteckt) und ein neuer gab es noch hinzu, damit man am Schluss den Weg ein bisschen besser findet. <br>Dann haben wir auch noch Besuch bekommen von D\u00e9sir\u00e9e, die an am Winterh\u00fcttenjob interessiert ist \ud83d\ude09 Wir sind zu f\u00fcnft also ein bisschen \u00fcberbesetzt f\u00fcr 14 G\u00e4ste in der Stube, aber wir hatten auch ein grosses Menu: das Honigsch\u00e4ufle von Nici mit Rotkraut und Marroni f\u00fcr die Vegi, niaaammmyyy \ud83d\ude42<\/p>","protected":false},"excerpt":{"rendered":"<p>Yeah heute war ein Tag zum S\u00f6nneleeee. Am Morgen sah es zwar noch nicht so aus und das Fr\u00fchst\u00fcck nahmen wir auch noch drinnen. Aber nach dem kurzen H\u00fcttenwusel am Morgen kam dann langsam die Sonne und wir sassen zuerst<\/p>","protected":false},"author":1,"featured_media":0,"comment_status":"closed","ping_status":"closed","sticky":false,"template":"","format":"standard","meta":{"inline_featured_image":false,"footnotes":""},"categories":[1],"tags":[],"class_list":["post-4235","post","type-post","status-publish","format-standard","hentry","category-allgemein"],"_links":{"self":[{"href":"https:\/\/www.chamannajenatsch.ch\/en\/wp-json\/wp\/v2\/posts\/4235","targetHints":{"allow":["GET"]}}],"collection":[{"href":"https:\/\/www.chamannajenatsch.ch\/en\/wp-json\/wp\/v2\/posts"}],"about":[{"href":"https:\/\/www.chamannajenatsch.ch\/en\/wp-json\/wp\/v2\/types\/post"}],"author":[{"embeddable":true,"href":"https:\/\/www.chamannajenatsch.ch\/en\/wp-json\/wp\/v2\/users\/1"}],"replies":[{"embeddable":true,"href":"https:\/\/www.chamannajenatsch.ch\/en\/wp-json\/wp\/v2\/comments?post=4235"}],"version-history":[{"count":1,"href":"https:\/\/www.chamannajenatsch.ch\/en\/wp-json\/wp\/v2\/posts\/4235\/revisions"}],"predecessor-version":[{"id":4236,"href":"https:\/\/www.chamannajenatsch.ch\/en\/wp-json\/wp\/v2\/posts\/4235\/revisions\/4236"}],"wp:attachment":[{"href":"https:\/\/www.chamannajenatsch.ch\/en\/wp-json\/wp\/v2\/media?parent=4235"}],"wp:term":[{"taxonomy":"category","embeddable":true,"href":"https:\/\/www.chamannajenatsch.ch\/en\/wp-json\/wp\/v2\/categories?post=4235"},{"taxonomy":"post_tag","embeddable":true,"href":"https:\/\/www.chamannajenatsch.ch\/en\/wp-json\/wp\/v2\/tags?post=4235"}],"curies":[{"name":"wp","href":"https:\/\/api.w.org\/{rel}","templated":true}]}}