{"id":4239,"date":"2021-09-19T16:12:49","date_gmt":"2021-09-19T14:12:49","guid":{"rendered":"http:\/\/www.chamannajenatsch.ch\/?p=4239"},"modified":"2021-09-19T16:39:56","modified_gmt":"2021-09-19T14:39:56","slug":"wilbert","status":"publish","type":"post","link":"https:\/\/www.chamannajenatsch.ch\/en\/2021\/09\/19\/wilbert\/","title":{"rendered":"Wilbert"},"content":{"rendered":"<p>Heute sind wir allein! Der erste Tag ohne G\u00e4ste seit Beginn der Sommersaison am 23. Juni! Judith ist am Morgen noch vor dem Regen ins Tal nach Spinas abged\u00fcst und nun sind wir noch zu Dritt. Unsere G\u00e4ste haben sich am Morgen auch zeitig auf den Weg gemacht und die meisten kamen so wohl noch relativ trocken an. <\/p>\n\n\n\n<p>Wir haben einen grossen H\u00fcttenputz gemacht, Krautstiel blanchiert und die Gerstensuppe, die wir in der Woche gekocht und eingefroren hatten noch fertig portioniert und umgepackt. Zum Zmittag gab es mal f\u00fcr uns Paangecher, hmmm, mit Speck und K\u00e4se \ud83d\ude09<\/p>\n\n\n\n<p>\u00dcbrigens m\u00f6chte ich euch noch gerne Wilbert vorstellen, unser Sparschwein, \u00f6h Sparnilpferd. Vor ein paar Wochen hat Sebi mal nicht ganz verstanden was ich einem Gast gesagt habe, n\u00e4mlich dass das Trinkgeld f\u00fcr das Nilpferd ist. Er hat verstanden es ist f\u00fcr Wilbert. Wilbert das Nilpferd \ud83d\ude09 Gestern sind wir irgendwie wieder draufgekommen und Nici hat gefunden, dass Wilbert eigentlich ganz gut passt. Wilbert, unser Finanzminister \ud83d\ude09<\/p>\n\n\n\n<figure class=\"wp-block-gallery columns-2 is-cropped wp-block-gallery-1 is-layout-flex wp-block-gallery-is-layout-flex\"><ul class=\"blocks-gallery-grid\"><li class=\"blocks-gallery-item\"><figure><img fetchpriority=\"high\" decoding=\"async\" width=\"768\" height=\"1024\" src=\"http:\/\/www.chamannajenatsch.ch\/wp-content\/uploads\/2021\/09\/signal-2021-09-19-163530_001-1-768x1024.jpeg\" alt=\"\" data-id=\"4243\" data-full-url=\"http:\/\/www.chamannajenatsch.ch\/wp-content\/uploads\/2021\/09\/signal-2021-09-19-163530_001-1.jpeg\" data-link=\"http:\/\/www.chamannajenatsch.ch\/2021\/09\/19\/wilbert\/signal-2021-09-19-163530_001-1\/\" class=\"wp-image-4243\" srcset=\"https:\/\/www.chamannajenatsch.ch\/wp-content\/uploads\/2021\/09\/signal-2021-09-19-163530_001-1-768x1024.jpeg 768w, https:\/\/www.chamannajenatsch.ch\/wp-content\/uploads\/2021\/09\/signal-2021-09-19-163530_001-1-225x300.jpeg 225w, https:\/\/www.chamannajenatsch.ch\/wp-content\/uploads\/2021\/09\/signal-2021-09-19-163530_001-1-1152x1536.jpeg 1152w, https:\/\/www.chamannajenatsch.ch\/wp-content\/uploads\/2021\/09\/signal-2021-09-19-163530_001-1-9x12.jpeg 9w, https:\/\/www.chamannajenatsch.ch\/wp-content\/uploads\/2021\/09\/signal-2021-09-19-163530_001-1.jpeg 1536w\" sizes=\"(max-width: 768px) 100vw, 768px\" \/><\/figure><\/li><li class=\"blocks-gallery-item\"><figure><img decoding=\"async\" width=\"768\" height=\"1024\" src=\"http:\/\/www.chamannajenatsch.ch\/wp-content\/uploads\/2021\/09\/signal-2021-09-19-163527_001-768x1024.jpeg\" alt=\"\" data-id=\"4244\" data-full-url=\"http:\/\/www.chamannajenatsch.ch\/wp-content\/uploads\/2021\/09\/signal-2021-09-19-163527_001.jpeg\" data-link=\"http:\/\/www.chamannajenatsch.ch\/2021\/09\/19\/wilbert\/signal-2021-09-19-163527_001\/\" class=\"wp-image-4244\" srcset=\"https:\/\/www.chamannajenatsch.ch\/wp-content\/uploads\/2021\/09\/signal-2021-09-19-163527_001-768x1024.jpeg 768w, https:\/\/www.chamannajenatsch.ch\/wp-content\/uploads\/2021\/09\/signal-2021-09-19-163527_001-225x300.jpeg 225w, https:\/\/www.chamannajenatsch.ch\/wp-content\/uploads\/2021\/09\/signal-2021-09-19-163527_001-1152x1536.jpeg 1152w, https:\/\/www.chamannajenatsch.ch\/wp-content\/uploads\/2021\/09\/signal-2021-09-19-163527_001-9x12.jpeg 9w, https:\/\/www.chamannajenatsch.ch\/wp-content\/uploads\/2021\/09\/signal-2021-09-19-163527_001.jpeg 1536w\" sizes=\"(max-width: 768px) 100vw, 768px\" \/><\/figure><\/li><\/ul><\/figure>","protected":false},"excerpt":{"rendered":"<p>Heute sind wir allein! Der erste Tag ohne G\u00e4ste seit Beginn der Sommersaison am 23. Juni! Judith ist am Morgen noch vor dem Regen ins Tal nach Spinas abged\u00fcst und nun sind wir noch zu Dritt. Unsere G\u00e4ste haben sich<\/p>","protected":false},"author":1,"featured_media":0,"comment_status":"closed","ping_status":"closed","sticky":false,"template":"","format":"standard","meta":{"inline_featured_image":false,"footnotes":""},"categories":[1],"tags":[],"class_list":["post-4239","post","type-post","status-publish","format-standard","hentry","category-allgemein"],"_links":{"self":[{"href":"https:\/\/www.chamannajenatsch.ch\/en\/wp-json\/wp\/v2\/posts\/4239","targetHints":{"allow":["GET"]}}],"collection":[{"href":"https:\/\/www.chamannajenatsch.ch\/en\/wp-json\/wp\/v2\/posts"}],"about":[{"href":"https:\/\/www.chamannajenatsch.ch\/en\/wp-json\/wp\/v2\/types\/post"}],"author":[{"embeddable":true,"href":"https:\/\/www.chamannajenatsch.ch\/en\/wp-json\/wp\/v2\/users\/1"}],"replies":[{"embeddable":true,"href":"https:\/\/www.chamannajenatsch.ch\/en\/wp-json\/wp\/v2\/comments?post=4239"}],"version-history":[{"count":2,"href":"https:\/\/www.chamannajenatsch.ch\/en\/wp-json\/wp\/v2\/posts\/4239\/revisions"}],"predecessor-version":[{"id":4245,"href":"https:\/\/www.chamannajenatsch.ch\/en\/wp-json\/wp\/v2\/posts\/4239\/revisions\/4245"}],"wp:attachment":[{"href":"https:\/\/www.chamannajenatsch.ch\/en\/wp-json\/wp\/v2\/media?parent=4239"}],"wp:term":[{"taxonomy":"category","embeddable":true,"href":"https:\/\/www.chamannajenatsch.ch\/en\/wp-json\/wp\/v2\/categories?post=4239"},{"taxonomy":"post_tag","embeddable":true,"href":"https:\/\/www.chamannajenatsch.ch\/en\/wp-json\/wp\/v2\/tags?post=4239"}],"curies":[{"name":"wp","href":"https:\/\/api.w.org\/{rel}","templated":true}]}}