{"id":4265,"date":"2021-09-20T17:17:52","date_gmt":"2021-09-20T15:17:52","guid":{"rendered":"http:\/\/www.chamannajenatsch.ch\/?p=4265"},"modified":"2021-09-20T17:17:55","modified_gmt":"2021-09-20T15:17:55","slug":"ausschlafen-3","status":"publish","type":"post","link":"https:\/\/www.chamannajenatsch.ch\/en\/2021\/09\/20\/ausschlafen-3\/","title":{"rendered":"Ausschlafen"},"content":{"rendered":"<p>Heute Morgen haben wir ausgeschlafen. So bis um halb neun! So sch\u00f6n ruhig wars in der H\u00fctte \ud83d\ude09 Dann haben wir noch gem\u00fc\u00fctlich gefr\u00fchst\u00fcckt und ein paar sch\u00f6ne Schneefotos gemacht. Aber der Tag ist schon bedeutend k\u00fcrzer wenn er nicht um 6 Uhr anf\u00e4ngt. Ratz fatz ist es Mittag. <br>Dani war schon wieder beim Sandfang und bei der Turbine, da es jetzt irgendwie imemr wieder verstopft mit Schlabberalgen, die vielleicht im Sommer an den Steinen gewachsen sind und jetzt weggeschwemmt werden? Auf jedenfall war es zum Zweiten mal in ein paar Tagen dass die Turbine ausgestiegen ist. Jetzt funktionniert es aber wieder und das ist die Hauptsache. Der Backofen hat sich leider nicht von allein geheilt&#8230; Er macht immer mehr Probleme, mal brennt er super, mal steigt er immer wieder aus. Heute mussten wir wieder einige Zeit \u00fcben, bis endlich das Brot reinkommen konnte&#8230; Jetzt hoffen wir, dass diese Woche mal noch ein Techniker den Weg bis hochfindet, weil wenn es so weitergeht, funzt es irgendwann gar nicht mehr und ohne Backofen hier oben ist ganz schon doof. <br><br>Unsere 5 G\u00e4ste f\u00fcr heute sind eingetroffen, der Schnee ist bereits wieder geschmolzen rund um die H\u00fctte. Es gab zwischendurch auch einige sonnige Phasen, so dass es sogar f\u00fcr Kaffee auf der Terrasse gereicht hat. Jetzt f\u00e4llt etwas wie konsistentes Wasser vom Himmel, Schnee kann man es nicht wirklich nennen. Ab Morgen kommt dann f\u00fcr ein paar Tage der goldene Herbst \ud83d\ude42<\/p>","protected":false},"excerpt":{"rendered":"<p>Heute Morgen haben wir ausgeschlafen. So bis um halb neun! So sch\u00f6n ruhig wars in der H\u00fctte \ud83d\ude09 Dann haben wir noch gem\u00fc\u00fctlich gefr\u00fchst\u00fcckt und ein paar sch\u00f6ne Schneefotos gemacht. Aber der Tag ist schon bedeutend k\u00fcrzer wenn er nicht<\/p>","protected":false},"author":1,"featured_media":0,"comment_status":"closed","ping_status":"closed","sticky":false,"template":"","format":"standard","meta":{"inline_featured_image":false,"footnotes":""},"categories":[1],"tags":[],"class_list":["post-4265","post","type-post","status-publish","format-standard","hentry","category-allgemein"],"_links":{"self":[{"href":"https:\/\/www.chamannajenatsch.ch\/en\/wp-json\/wp\/v2\/posts\/4265","targetHints":{"allow":["GET"]}}],"collection":[{"href":"https:\/\/www.chamannajenatsch.ch\/en\/wp-json\/wp\/v2\/posts"}],"about":[{"href":"https:\/\/www.chamannajenatsch.ch\/en\/wp-json\/wp\/v2\/types\/post"}],"author":[{"embeddable":true,"href":"https:\/\/www.chamannajenatsch.ch\/en\/wp-json\/wp\/v2\/users\/1"}],"replies":[{"embeddable":true,"href":"https:\/\/www.chamannajenatsch.ch\/en\/wp-json\/wp\/v2\/comments?post=4265"}],"version-history":[{"count":1,"href":"https:\/\/www.chamannajenatsch.ch\/en\/wp-json\/wp\/v2\/posts\/4265\/revisions"}],"predecessor-version":[{"id":4266,"href":"https:\/\/www.chamannajenatsch.ch\/en\/wp-json\/wp\/v2\/posts\/4265\/revisions\/4266"}],"wp:attachment":[{"href":"https:\/\/www.chamannajenatsch.ch\/en\/wp-json\/wp\/v2\/media?parent=4265"}],"wp:term":[{"taxonomy":"category","embeddable":true,"href":"https:\/\/www.chamannajenatsch.ch\/en\/wp-json\/wp\/v2\/categories?post=4265"},{"taxonomy":"post_tag","embeddable":true,"href":"https:\/\/www.chamannajenatsch.ch\/en\/wp-json\/wp\/v2\/tags?post=4265"}],"curies":[{"name":"wp","href":"https:\/\/api.w.org\/{rel}","templated":true}]}}