{"id":4268,"date":"2021-09-21T17:35:31","date_gmt":"2021-09-21T15:35:31","guid":{"rendered":"http:\/\/www.chamannajenatsch.ch\/?p=4268"},"modified":"2021-09-21T17:39:00","modified_gmt":"2021-09-21T15:39:00","slug":"herbststimmung","status":"publish","type":"post","link":"https:\/\/www.chamannajenatsch.ch\/en\/2021\/09\/21\/herbststimmung\/","title":{"rendered":"Herbststimmung"},"content":{"rendered":"<p>Hach, der Herbst ist sooo sch\u00f6\u00f6\u00f6n \ud83d\ude42 Ein paar Nebelschwaden am Morgen, die Sonne die aufgeht, das Z\u00fcckerli oben auf den Bergen \ud83d\ude42 Das Licht ist jetzt definitiv anders als im Sommer. Der Himmel ist stahlblau, das Gras rotbraun und der Schnee leuchtet grellweiss! <br>Auch haben wir nun fast keine Tagesg\u00e4ste mehr, heute kam gar niemand. Das ist zwar schlecht f\u00fcrs Gesch\u00e4ft aber gut f\u00fcr sonnenhungrige H\u00fcttenteams. Am Morgen haben Nici und ich die Muntanella neu bezogen und das Calderas komplett gewaschen und Dani hat den \u00fcblichen UG-H\u00fcttenwusel gemacht. Nachher konnten wir bis um 15 Uhr draussen die Sonne geniessen. Dani hat noch ein bisschen gewerkelt und ein paar Stufen neu betoniert auf der Terrasse. In der K\u00fcche wurde seehr fleissig Brot und Kuchen gebacken, da der Backofen endlich wieder mal funzte. In letzter Zeit funktionniert er von Tag zu Tag weniger, gestern Abend ging gar nichts mehr. Als er dann heute Morgen irgendwann brannte, haben wir profitiert. Am Donnerstag soll nun der Techniker kommen und dann hoffen wir, dass es nachher wieder zuverl\u00e4ssig l\u00e4uft. <\/p>\n\n\n\n<figure class=\"wp-block-image size-large\"><img fetchpriority=\"high\" decoding=\"async\" width=\"1024\" height=\"576\" src=\"http:\/\/www.chamannajenatsch.ch\/wp-content\/uploads\/2021\/09\/WhatsApp-Image-2021-09-21-at-16.24.06-1024x576.jpeg\" alt=\"\" class=\"wp-image-4270\" srcset=\"https:\/\/www.chamannajenatsch.ch\/wp-content\/uploads\/2021\/09\/WhatsApp-Image-2021-09-21-at-16.24.06-1024x576.jpeg 1024w, https:\/\/www.chamannajenatsch.ch\/wp-content\/uploads\/2021\/09\/WhatsApp-Image-2021-09-21-at-16.24.06-300x169.jpeg 300w, https:\/\/www.chamannajenatsch.ch\/wp-content\/uploads\/2021\/09\/WhatsApp-Image-2021-09-21-at-16.24.06-768x432.jpeg 768w, https:\/\/www.chamannajenatsch.ch\/wp-content\/uploads\/2021\/09\/WhatsApp-Image-2021-09-21-at-16.24.06-1536x864.jpeg 1536w, https:\/\/www.chamannajenatsch.ch\/wp-content\/uploads\/2021\/09\/WhatsApp-Image-2021-09-21-at-16.24.06-16x9.jpeg 16w, https:\/\/www.chamannajenatsch.ch\/wp-content\/uploads\/2021\/09\/WhatsApp-Image-2021-09-21-at-16.24.06.jpeg 2048w\" sizes=\"(max-width: 1024px) 100vw, 1024px\" \/><\/figure>","protected":false},"excerpt":{"rendered":"<p>Hach, der Herbst ist sooo sch\u00f6\u00f6\u00f6n \ud83d\ude42 Ein paar Nebelschwaden am Morgen, die Sonne die aufgeht, das Z\u00fcckerli oben auf den Bergen \ud83d\ude42 Das Licht ist jetzt definitiv anders als im Sommer. Der Himmel ist stahlblau, das Gras rotbraun und<\/p>","protected":false},"author":1,"featured_media":0,"comment_status":"closed","ping_status":"closed","sticky":false,"template":"","format":"standard","meta":{"inline_featured_image":false,"footnotes":""},"categories":[1],"tags":[],"class_list":["post-4268","post","type-post","status-publish","format-standard","hentry","category-allgemein"],"_links":{"self":[{"href":"https:\/\/www.chamannajenatsch.ch\/en\/wp-json\/wp\/v2\/posts\/4268","targetHints":{"allow":["GET"]}}],"collection":[{"href":"https:\/\/www.chamannajenatsch.ch\/en\/wp-json\/wp\/v2\/posts"}],"about":[{"href":"https:\/\/www.chamannajenatsch.ch\/en\/wp-json\/wp\/v2\/types\/post"}],"author":[{"embeddable":true,"href":"https:\/\/www.chamannajenatsch.ch\/en\/wp-json\/wp\/v2\/users\/1"}],"replies":[{"embeddable":true,"href":"https:\/\/www.chamannajenatsch.ch\/en\/wp-json\/wp\/v2\/comments?post=4268"}],"version-history":[{"count":2,"href":"https:\/\/www.chamannajenatsch.ch\/en\/wp-json\/wp\/v2\/posts\/4268\/revisions"}],"predecessor-version":[{"id":4272,"href":"https:\/\/www.chamannajenatsch.ch\/en\/wp-json\/wp\/v2\/posts\/4268\/revisions\/4272"}],"wp:attachment":[{"href":"https:\/\/www.chamannajenatsch.ch\/en\/wp-json\/wp\/v2\/media?parent=4268"}],"wp:term":[{"taxonomy":"category","embeddable":true,"href":"https:\/\/www.chamannajenatsch.ch\/en\/wp-json\/wp\/v2\/categories?post=4268"},{"taxonomy":"post_tag","embeddable":true,"href":"https:\/\/www.chamannajenatsch.ch\/en\/wp-json\/wp\/v2\/tags?post=4268"}],"curies":[{"name":"wp","href":"https:\/\/api.w.org\/{rel}","templated":true}]}}