{"id":4279,"date":"2021-09-23T17:07:02","date_gmt":"2021-09-23T15:07:02","guid":{"rendered":"http:\/\/www.chamannajenatsch.ch\/?p=4279"},"modified":"2021-09-23T17:14:32","modified_gmt":"2021-09-23T15:14:32","slug":"der-rote-knopf","status":"publish","type":"post","link":"https:\/\/www.chamannajenatsch.ch\/en\/2021\/09\/23\/der-rote-knopf\/","title":{"rendered":"Der rote Knopf"},"content":{"rendered":"<p>Yuhuuuuu unser Backofen funktionniert wieder \ud83d\ude42 Heute Morgen kam wie abgemacht der Techniker vom Alig Grossk\u00fcchen per HeliBernina angeflogen und machte sich gleich ans auseinandernehmen. Ganz sch\u00f6n viele St\u00fcckli hat so ein Backofen. Mattia hatte alles super organisiert und alle m\u00f6glichen Ersatzteile dabei und zusammen mit Dani war dann der Backofen nach dem Mittag zerlegt, zusammengebaut und alles gewechselt das kaputt oder nicht mehr ganz so ganz war. Einige Teile haben jetzt zwar noch funktionniert, w\u00e4ren aber irgendwann ausgestiegen. Jetzt ist das Innnenleben fast neu und das allerbeste: der Z\u00fcndknopf f\u00fcr den Backofen ist jetzt nicht mehr schwarz sondern rot und er funzt!!! F\u00fcr alle die bei uns schon den Backofen bedient haben oder bedienen wollten und gescheitert sind: Es ist jetzt ganz einfach! Knopf dr\u00fccken und Zack es brennt. Kein m\u00fchsames Herumstochern mit dem Anz\u00fcnder im Loch unten im Backofen \ud83d\ude42 <\/p>\n\n\n\n<p>Unsere G\u00e4ste \u00fcber Mittag mussten sich halt mit Kuchen und Pl\u00e4ttli begn\u00fcgen, da der Herd out of order war, aber ich glaube die haben es \u00fcberlebt \ud83d\ude09<\/p>\n\n\n\n<p>Eine Dreiergruppe kam mit dem Bike vom Julierpass dahergefetzt. Nicht gerade eine einfacher Strecke, aber die drei hattens im Griff. Es stellte sich dann auch heraus, dass Profis am Werk waren, haben sie doch Fotos gemacht f\u00fcr einen Artikel im Ride.ch Magazin \u00fcber die B\u00fcndner Haute Route mit dem Bike! Da sind wir mal gespannt auf den Artikel n\u00e4chsten Sommer! <br><\/p>\n\n\n\n<p>Auch ist Nici&#8217;s Mami angekommen. Sie wird \u00fcbers Wochenende bei uns bleiben und dann k\u00f6nnen Nici und Angie am Sonntag zusammen nach Hause fahren und Nici kann ein paar Tage frei machen bevor es dann in den Schlussspurt geht. <\/p>","protected":false},"excerpt":{"rendered":"<p>Yuhuuuuu unser Backofen funktionniert wieder \ud83d\ude42 Heute Morgen kam wie abgemacht der Techniker vom Alig Grossk\u00fcchen per HeliBernina angeflogen und machte sich gleich ans auseinandernehmen. Ganz sch\u00f6n viele St\u00fcckli hat so ein Backofen. Mattia hatte alles super organisiert und alle<\/p>","protected":false},"author":1,"featured_media":0,"comment_status":"closed","ping_status":"closed","sticky":false,"template":"","format":"standard","meta":{"inline_featured_image":false,"footnotes":""},"categories":[1],"tags":[],"class_list":["post-4279","post","type-post","status-publish","format-standard","hentry","category-allgemein"],"_links":{"self":[{"href":"https:\/\/www.chamannajenatsch.ch\/en\/wp-json\/wp\/v2\/posts\/4279","targetHints":{"allow":["GET"]}}],"collection":[{"href":"https:\/\/www.chamannajenatsch.ch\/en\/wp-json\/wp\/v2\/posts"}],"about":[{"href":"https:\/\/www.chamannajenatsch.ch\/en\/wp-json\/wp\/v2\/types\/post"}],"author":[{"embeddable":true,"href":"https:\/\/www.chamannajenatsch.ch\/en\/wp-json\/wp\/v2\/users\/1"}],"replies":[{"embeddable":true,"href":"https:\/\/www.chamannajenatsch.ch\/en\/wp-json\/wp\/v2\/comments?post=4279"}],"version-history":[{"count":1,"href":"https:\/\/www.chamannajenatsch.ch\/en\/wp-json\/wp\/v2\/posts\/4279\/revisions"}],"predecessor-version":[{"id":4280,"href":"https:\/\/www.chamannajenatsch.ch\/en\/wp-json\/wp\/v2\/posts\/4279\/revisions\/4280"}],"wp:attachment":[{"href":"https:\/\/www.chamannajenatsch.ch\/en\/wp-json\/wp\/v2\/media?parent=4279"}],"wp:term":[{"taxonomy":"category","embeddable":true,"href":"https:\/\/www.chamannajenatsch.ch\/en\/wp-json\/wp\/v2\/categories?post=4279"},{"taxonomy":"post_tag","embeddable":true,"href":"https:\/\/www.chamannajenatsch.ch\/en\/wp-json\/wp\/v2\/tags?post=4279"}],"curies":[{"name":"wp","href":"https:\/\/api.w.org\/{rel}","templated":true}]}}