{"id":4373,"date":"2021-10-20T17:49:22","date_gmt":"2021-10-20T15:49:22","guid":{"rendered":"http:\/\/www.chamannajenatsch.ch\/?p=4373"},"modified":"2021-10-20T17:49:24","modified_gmt":"2021-10-20T15:49:24","slug":"foehn","status":"publish","type":"post","link":"https:\/\/www.chamannajenatsch.ch\/en\/2021\/10\/20\/foehn\/","title":{"rendered":"F\u00f6hn"},"content":{"rendered":"<p>So, langsam ist die H\u00fctte parat f\u00fcr den Winter. Die H\u00fcttenwarte w\u00e4ren eigentlich ja schon lange parat \ud83d\ude09 Heute hatten wir noch 2 Tagesg\u00e4ste und mit dem F\u00f6hn war es richtig warm! Trotz des Windes konnten wir draussen Zmittag essen und noch gem\u00fctlich ein bisschen h\u00f6ckle. Dem Schnee ging es richtig an den Kragen heute, der Wind hat fast alles weggeschmolzen. Es sieht jetzt eigentlich wieder wie September aus und nicht mehr wie Oktober. <br>Am Nachmittag haben wir dann die Sommertische und -b\u00e4nke verr\u00e4umt. Sitzen kann man noch an der Wand, die Tische sind eh immer etwas frischer da sie im Wind stehen und jetzt nicht mehr gem\u00fctlich. Der Rest W\u00e4sche ist gewaschen, dass wir Silvester dann wenn m\u00f6glich nicht gross waschen m\u00fcssen wenn das warme Wasser knapp ist. Auch Inventar habe ich gemacht, so dass wir dann im Dezember wissen was wir einkaufen m\u00fcssen. <\/p>\n\n\n\n<p>Heute haben wir keine \u00dcbernachtungsg\u00e4ste so dass wir ein bisschen gem\u00fctlich in den Abend hineind\u00fcmpeln k\u00f6nnen ohne den Fixpunkt halb 7 Nachtessen. Auch mal sch\u00f6n \ud83d\ude42<br>Morgen sind dann wieder 2 angemeldet und \u00fcbermorgen auch 2. Am Samstag dann noch einige mehr und wir hoffen noch auf ein paar wenige spontane Anmeldungen, dann w\u00fcrden wir n\u00e4mlich den \u00dcbernachtunsrekord der Sommersaison 2018 noch knacken \ud83d\ude09<\/p>","protected":false},"excerpt":{"rendered":"<p>So, langsam ist die H\u00fctte parat f\u00fcr den Winter. Die H\u00fcttenwarte w\u00e4ren eigentlich ja schon lange parat \ud83d\ude09 Heute hatten wir noch 2 Tagesg\u00e4ste und mit dem F\u00f6hn war es richtig warm! Trotz des Windes konnten wir draussen Zmittag essen<\/p>","protected":false},"author":1,"featured_media":0,"comment_status":"closed","ping_status":"closed","sticky":false,"template":"","format":"standard","meta":{"inline_featured_image":false,"footnotes":""},"categories":[1],"tags":[],"class_list":["post-4373","post","type-post","status-publish","format-standard","hentry","category-allgemein"],"_links":{"self":[{"href":"https:\/\/www.chamannajenatsch.ch\/en\/wp-json\/wp\/v2\/posts\/4373","targetHints":{"allow":["GET"]}}],"collection":[{"href":"https:\/\/www.chamannajenatsch.ch\/en\/wp-json\/wp\/v2\/posts"}],"about":[{"href":"https:\/\/www.chamannajenatsch.ch\/en\/wp-json\/wp\/v2\/types\/post"}],"author":[{"embeddable":true,"href":"https:\/\/www.chamannajenatsch.ch\/en\/wp-json\/wp\/v2\/users\/1"}],"replies":[{"embeddable":true,"href":"https:\/\/www.chamannajenatsch.ch\/en\/wp-json\/wp\/v2\/comments?post=4373"}],"version-history":[{"count":1,"href":"https:\/\/www.chamannajenatsch.ch\/en\/wp-json\/wp\/v2\/posts\/4373\/revisions"}],"predecessor-version":[{"id":4374,"href":"https:\/\/www.chamannajenatsch.ch\/en\/wp-json\/wp\/v2\/posts\/4373\/revisions\/4374"}],"wp:attachment":[{"href":"https:\/\/www.chamannajenatsch.ch\/en\/wp-json\/wp\/v2\/media?parent=4373"}],"wp:term":[{"taxonomy":"category","embeddable":true,"href":"https:\/\/www.chamannajenatsch.ch\/en\/wp-json\/wp\/v2\/categories?post=4373"},{"taxonomy":"post_tag","embeddable":true,"href":"https:\/\/www.chamannajenatsch.ch\/en\/wp-json\/wp\/v2\/tags?post=4373"}],"curies":[{"name":"wp","href":"https:\/\/api.w.org\/{rel}","templated":true}]}}