{"id":4378,"date":"2021-10-21T17:01:34","date_gmt":"2021-10-21T15:01:34","guid":{"rendered":"http:\/\/www.chamannajenatsch.ch\/?p=4378"},"modified":"2021-10-21T17:01:36","modified_gmt":"2021-10-21T15:01:36","slug":"stuermisch","status":"publish","type":"post","link":"https:\/\/www.chamannajenatsch.ch\/en\/2021\/10\/21\/stuermisch\/","title":{"rendered":"St\u00fcrmisch"},"content":{"rendered":"<p>Heute haben wir ausgeschlafen! So sch\u00f6n \ud83d\ude42 Der Wecker hat zwar um 8 geklingelt, da wir ja eigentlich heute schon auch noch ein bisschen zu tun hatten. Es war dann aber unter der Decke so sch\u00f6n warm und draussen so st\u00fcrmisch und gruusig, dass wir nicht soooo motiviert waren um aufzustehen. Aber gem\u00fctlich fr\u00fchst\u00fccken mit heisser Schoggi und ohne G\u00e4ste ist auch sch\u00f6n \ud83d\ude09 Das Wetter hat sich dann auch relativ schnell beruhigt und der Sturm der Nacht nachgelassen. <\/p>\n\n\n\n<p>Wir haben heute Morgen noch den Rest Inventar gemacht, unsere privaten Sachen gepackt, die ganzen Retouren parat gemacht f\u00fcr den Heli morgen. In der K\u00fcche und in der Stube mussten wir schon ein bisschen feuern, dass es halbwegs warm wurde. Unsere zwei G\u00e4ste sind auch bereits eingetroffen und nach heisser Schoggi und Tourenplanung vor dem Ofen, sind die beiden jetzt noch mal raus, es zeigt sich n\u00e4mlich die Sonne! <br><br>Wir haben die N\u00e4hmaschine nochmals genutzt und die Sitzkissen der Winterk\u00fcche neu verpackt. Ein paar  Chriesisteis\u00e4ckli haben wir noch ein bisschen ausgebessert und vor allem die Ecken abgen\u00e4ht, die bereits wieder l\u00f6chrig wurden und sch\u00f6n Steinli verteilt haben. Jetzt wird auch die N\u00e4hmaschine verpackt und f\u00fcr den Abflug ins Tal bereit gemacht. <\/p>\n\n\n\n<p>Momentan sind wir auf Kurs, dass wir den Rekord knacken am Samstag \ud83d\ude09 Wenn alle kommen die angemeldet sind, schaffen wirs \ud83d\ude42<\/p>","protected":false},"excerpt":{"rendered":"<p>Heute haben wir ausgeschlafen! So sch\u00f6n \ud83d\ude42 Der Wecker hat zwar um 8 geklingelt, da wir ja eigentlich heute schon auch noch ein bisschen zu tun hatten. Es war dann aber unter der Decke so sch\u00f6n warm und draussen so<\/p>","protected":false},"author":1,"featured_media":0,"comment_status":"closed","ping_status":"closed","sticky":false,"template":"","format":"standard","meta":{"inline_featured_image":false,"footnotes":""},"categories":[1],"tags":[],"class_list":["post-4378","post","type-post","status-publish","format-standard","hentry","category-allgemein"],"_links":{"self":[{"href":"https:\/\/www.chamannajenatsch.ch\/en\/wp-json\/wp\/v2\/posts\/4378","targetHints":{"allow":["GET"]}}],"collection":[{"href":"https:\/\/www.chamannajenatsch.ch\/en\/wp-json\/wp\/v2\/posts"}],"about":[{"href":"https:\/\/www.chamannajenatsch.ch\/en\/wp-json\/wp\/v2\/types\/post"}],"author":[{"embeddable":true,"href":"https:\/\/www.chamannajenatsch.ch\/en\/wp-json\/wp\/v2\/users\/1"}],"replies":[{"embeddable":true,"href":"https:\/\/www.chamannajenatsch.ch\/en\/wp-json\/wp\/v2\/comments?post=4378"}],"version-history":[{"count":1,"href":"https:\/\/www.chamannajenatsch.ch\/en\/wp-json\/wp\/v2\/posts\/4378\/revisions"}],"predecessor-version":[{"id":4379,"href":"https:\/\/www.chamannajenatsch.ch\/en\/wp-json\/wp\/v2\/posts\/4378\/revisions\/4379"}],"wp:attachment":[{"href":"https:\/\/www.chamannajenatsch.ch\/en\/wp-json\/wp\/v2\/media?parent=4378"}],"wp:term":[{"taxonomy":"category","embeddable":true,"href":"https:\/\/www.chamannajenatsch.ch\/en\/wp-json\/wp\/v2\/categories?post=4378"},{"taxonomy":"post_tag","embeddable":true,"href":"https:\/\/www.chamannajenatsch.ch\/en\/wp-json\/wp\/v2\/tags?post=4378"}],"curies":[{"name":"wp","href":"https:\/\/api.w.org\/{rel}","templated":true}]}}