{"id":4380,"date":"2021-10-22T18:32:06","date_gmt":"2021-10-22T16:32:06","guid":{"rendered":"http:\/\/www.chamannajenatsch.ch\/?p=4380"},"modified":"2021-10-22T18:32:08","modified_gmt":"2021-10-22T16:32:08","slug":"der-vorletzte-tag","status":"publish","type":"post","link":"https:\/\/www.chamannajenatsch.ch\/en\/2021\/10\/22\/der-vorletzte-tag\/","title":{"rendered":"Der vorletzte Tag"},"content":{"rendered":"<p>F\u00fcr heute war das Wetter mal nicht su gut angesagt, deswegen hatten wir mit HeliBernina abgemacht, dass wir den Flug erst auf den Nachmittag ansetzen. Tja, das war nichts mit dem schlechten Wetter! Bereits am Morgen war der Himmel stahlblau und den ganzen Tag haben wir kumuliert etwa 5 W\u00f6lkli gesehen \ud83d\ude09<\/p>\n\n\n\n<p>Um den Mittag kam noch Marion aus Bever auf einen Saisonschlussbesuch \ud83d\ude42 Das hat uns sehr gefreut, dass sie nochmals gekommen ist um uns sozusagen einen guten Winter zu w\u00fcnschen. Dann kam auch noch der Sohn von Hansueli B\u00e4rfuss von der HeliBernina. Er war sehr sportlich unterwegs, Trailrunning von Samedan hoch und nach der verdienten R\u00f6sti wieder runter! Puuh! <\/p>\n\n\n\n<p>Der Heli hat p\u00fcnktlich um 14 Uhr unsere Retouren abgeholt und noch den zweiten Teil der Holzbriketts, sowie ein bisschen Gas und Getr\u00e4nke f\u00fcr SIlvester gebracht. Gegen 3 waren dann alle wieder gegangen und wir haben noch 10 MInuten Sonne genossen auf der Terrasse. So Mitte Nachmittag hat man schon den Eindruck dass es langsam Abend wird. Es ist definitiv Oktober! <\/p>\n\n\n\n<p>Dani hat nach langer Zeit auch wieder mal den Generator getestet, es funktioniert! <br><br>Morgen haben wir dann doch nochmals einige Anmeldungen! Es sieht gut aus f\u00fcr unseren Rekord \ud83d\ude09 Aber ich berichte euch sicher morgen oder am Sonntag nochmals! Geniesst das wunderbare Wochenende!<\/p>","protected":false},"excerpt":{"rendered":"<p>F\u00fcr heute war das Wetter mal nicht su gut angesagt, deswegen hatten wir mit HeliBernina abgemacht, dass wir den Flug erst auf den Nachmittag ansetzen. Tja, das war nichts mit dem schlechten Wetter! Bereits am Morgen war der Himmel stahlblau<\/p>","protected":false},"author":1,"featured_media":0,"comment_status":"closed","ping_status":"closed","sticky":false,"template":"","format":"standard","meta":{"inline_featured_image":false,"footnotes":""},"categories":[1],"tags":[],"class_list":["post-4380","post","type-post","status-publish","format-standard","hentry","category-allgemein"],"_links":{"self":[{"href":"https:\/\/www.chamannajenatsch.ch\/en\/wp-json\/wp\/v2\/posts\/4380","targetHints":{"allow":["GET"]}}],"collection":[{"href":"https:\/\/www.chamannajenatsch.ch\/en\/wp-json\/wp\/v2\/posts"}],"about":[{"href":"https:\/\/www.chamannajenatsch.ch\/en\/wp-json\/wp\/v2\/types\/post"}],"author":[{"embeddable":true,"href":"https:\/\/www.chamannajenatsch.ch\/en\/wp-json\/wp\/v2\/users\/1"}],"replies":[{"embeddable":true,"href":"https:\/\/www.chamannajenatsch.ch\/en\/wp-json\/wp\/v2\/comments?post=4380"}],"version-history":[{"count":1,"href":"https:\/\/www.chamannajenatsch.ch\/en\/wp-json\/wp\/v2\/posts\/4380\/revisions"}],"predecessor-version":[{"id":4381,"href":"https:\/\/www.chamannajenatsch.ch\/en\/wp-json\/wp\/v2\/posts\/4380\/revisions\/4381"}],"wp:attachment":[{"href":"https:\/\/www.chamannajenatsch.ch\/en\/wp-json\/wp\/v2\/media?parent=4380"}],"wp:term":[{"taxonomy":"category","embeddable":true,"href":"https:\/\/www.chamannajenatsch.ch\/en\/wp-json\/wp\/v2\/categories?post=4380"},{"taxonomy":"post_tag","embeddable":true,"href":"https:\/\/www.chamannajenatsch.ch\/en\/wp-json\/wp\/v2\/tags?post=4380"}],"curies":[{"name":"wp","href":"https:\/\/api.w.org\/{rel}","templated":true}]}}