{"id":4382,"date":"2021-10-23T21:32:37","date_gmt":"2021-10-23T19:32:37","guid":{"rendered":"http:\/\/www.chamannajenatsch.ch\/?p=4382"},"modified":"2021-10-23T21:32:39","modified_gmt":"2021-10-23T19:32:39","slug":"last-day","status":"publish","type":"post","link":"https:\/\/www.chamannajenatsch.ch\/en\/2021\/10\/23\/last-day\/","title":{"rendered":"Last day"},"content":{"rendered":"<p>Yuhuuu, wir habens geschaftt \ud83d\ude42 Heute kamen dank des sch\u00f6nen Wetters noch recht viele G\u00e4ste, die den sch\u00f6nen Oktobertag noch geniessen wollten. So haben wir den Rekord looocker geschafft! Danke allen die bei uns waren \ud83d\ude42<\/p>\n\n\n\n<p>Die meisten G\u00e4ste kamen aber erst sp\u00e4t, so dass wir gut vorbereiten konnten heute tags\u00fcber. Zudem hatten wir auch noch Unterst\u00fctzung von Marica, die am Schnuppern ist f\u00fcr die Wintersaison. Wir haben auch fast alles als Frischwaren aufgebraucht. Es hat noch ein paar Kartoffeln, ein paar \u00c4pfel und drei Zwiebeln. Ansonsten ist der K\u00fchlschrank und das Gem\u00fcseregal leeeer! Ein bisschen etwas haben wir noch im Tiefk\u00fchler, aber ansonsten ging alles ziemlich gut auf. <\/p>\n\n\n\n<p>Morgen machen wir dann noch Fr\u00fchst\u00fcck f\u00fcr die 27 G\u00e4ste und dann zackzack putzen und verr\u00e4umen. Und dann werden wir hoffentlich so Mitte Nachmittag die H\u00fctte verlassen und uns Richtung Tal machen. Nach 4 Monaten auf dem Berg, werden wir uns dann wieder an die Zivilisation gew\u00f6hnen m\u00fcssen \ud83d\ude09 Und ein bisschen Ferien geniessen! <br><\/p>\n\n\n\n<p>Danke allen die uns unterst\u00fctzt haben diese Saison, danke allen Lieferanten, danke allen G\u00e4sten! Wir sehen uns am 26. Dezember! Geniesst den Herbst und die Adventszeit, bleibt gesund und munter :-*<\/p>","protected":false},"excerpt":{"rendered":"<p>Yuhuuu, wir habens geschaftt \ud83d\ude42 Heute kamen dank des sch\u00f6nen Wetters noch recht viele G\u00e4ste, die den sch\u00f6nen Oktobertag noch geniessen wollten. So haben wir den Rekord looocker geschafft! Danke allen die bei uns waren \ud83d\ude42 Die meisten G\u00e4ste kamen<\/p>","protected":false},"author":1,"featured_media":0,"comment_status":"closed","ping_status":"closed","sticky":false,"template":"","format":"standard","meta":{"inline_featured_image":false,"footnotes":""},"categories":[1],"tags":[],"class_list":["post-4382","post","type-post","status-publish","format-standard","hentry","category-allgemein"],"_links":{"self":[{"href":"https:\/\/www.chamannajenatsch.ch\/en\/wp-json\/wp\/v2\/posts\/4382","targetHints":{"allow":["GET"]}}],"collection":[{"href":"https:\/\/www.chamannajenatsch.ch\/en\/wp-json\/wp\/v2\/posts"}],"about":[{"href":"https:\/\/www.chamannajenatsch.ch\/en\/wp-json\/wp\/v2\/types\/post"}],"author":[{"embeddable":true,"href":"https:\/\/www.chamannajenatsch.ch\/en\/wp-json\/wp\/v2\/users\/1"}],"replies":[{"embeddable":true,"href":"https:\/\/www.chamannajenatsch.ch\/en\/wp-json\/wp\/v2\/comments?post=4382"}],"version-history":[{"count":1,"href":"https:\/\/www.chamannajenatsch.ch\/en\/wp-json\/wp\/v2\/posts\/4382\/revisions"}],"predecessor-version":[{"id":4383,"href":"https:\/\/www.chamannajenatsch.ch\/en\/wp-json\/wp\/v2\/posts\/4382\/revisions\/4383"}],"wp:attachment":[{"href":"https:\/\/www.chamannajenatsch.ch\/en\/wp-json\/wp\/v2\/media?parent=4382"}],"wp:term":[{"taxonomy":"category","embeddable":true,"href":"https:\/\/www.chamannajenatsch.ch\/en\/wp-json\/wp\/v2\/categories?post=4382"},{"taxonomy":"post_tag","embeddable":true,"href":"https:\/\/www.chamannajenatsch.ch\/en\/wp-json\/wp\/v2\/tags?post=4382"}],"curies":[{"name":"wp","href":"https:\/\/api.w.org\/{rel}","templated":true}]}}