{"id":4429,"date":"2021-12-26T12:18:31","date_gmt":"2021-12-26T11:18:31","guid":{"rendered":"http:\/\/www.chamannajenatsch.ch\/?p=4429"},"modified":"2021-12-26T12:18:33","modified_gmt":"2021-12-26T11:18:33","slug":"festtage-21-22","status":"publish","type":"post","link":"https:\/\/www.chamannajenatsch.ch\/en\/2021\/12\/26\/festtage-21-22\/","title":{"rendered":"Festtage 21\/22"},"content":{"rendered":"<p>Halli Hallo<\/p>\n\n\n\n<p>Da sind wir wieder \ud83d\ude42 Also wir beide sind eigentlich schon seit 2 Tagen hier oben. Geniessen die Ruhe, das einfache Leben. Feuern, feuer, feuern heisst das in den ersten Tagen. Etwa 2 Grad waren es im Haus als wir angekommen sind. Nun ist es immerhin ein paar Grad w\u00e4rmer und auch in der Nacht k\u00fchlt es nicht mehr ganz so stark aus, da auch die Mauern langsam etwas aufgetaut sind. W\u00e4hrend einige von euch an Heiligabend in h\u00fcbschen Bl\u00fcsli oder Kleis in einer warmen Stube gefeiert haben, sassen wir in Skitourenkleider in der H\u00fcttenk\u00fcche. Daf\u00fcr hatten wir aber das beste Fondue \ud83d\ude42<\/p>\n\n\n\n<p>Ja, eigentlich waren wir im Oktober als wir ins Tal gingen optimistisch, dass wir ein entspannteres Silvester haben w\u00fcrden als letztes Jahr. Naja&#8230; leider nicht wirklich. Unsicherheit, Absagen und wieder Corona im Nacken bei allen. Nuje, wir probieren das Beste draus zu machen wie die letzten zwei Jahre schon und gesund durch die Woche zu kommen. Ingwertee trinken bis er zu den Ohren rauskommt \ud83d\ude09<\/p>\n\n\n\n<p>Schnee ist eher Mangelware momentan, nachdem es die letzten zwei Silvester ja super eingeschneit war. Aber das Wetter ist daf\u00fcr in den letzten Tagen immer deutlich besser gewesen als in der Prognose. Zwischendurch lacht auch mal die Sonne und es hat bereits f\u00fcr ein paar Kaffee auf der Terrasse gereicht. Gut eingepackt wohlbemerkt. Und heute Morgen hatten wir einen wunderbaren Sonnenaufgang. <\/p>\n\n\n\n<p>Die ersten G\u00e4ste sind am Julierpass losgelaufen und die H\u00fctte ist auf Vordermann geputzt, Brot gebacken, Nusstorte und Apfelstreusel parat \ud83d\ude42<\/p>\n\n\n\n<p>Sch\u00f6ne Festtage euch allen!<\/p>","protected":false},"excerpt":{"rendered":"<p>Halli Hallo Da sind wir wieder \ud83d\ude42 Also wir beide sind eigentlich schon seit 2 Tagen hier oben. Geniessen die Ruhe, das einfache Leben. Feuern, feuer, feuern heisst das in den ersten Tagen. Etwa 2 Grad waren es im Haus<\/p>","protected":false},"author":1,"featured_media":0,"comment_status":"closed","ping_status":"closed","sticky":false,"template":"","format":"standard","meta":{"inline_featured_image":false,"footnotes":""},"categories":[1],"tags":[],"class_list":["post-4429","post","type-post","status-publish","format-standard","hentry","category-allgemein"],"_links":{"self":[{"href":"https:\/\/www.chamannajenatsch.ch\/en\/wp-json\/wp\/v2\/posts\/4429","targetHints":{"allow":["GET"]}}],"collection":[{"href":"https:\/\/www.chamannajenatsch.ch\/en\/wp-json\/wp\/v2\/posts"}],"about":[{"href":"https:\/\/www.chamannajenatsch.ch\/en\/wp-json\/wp\/v2\/types\/post"}],"author":[{"embeddable":true,"href":"https:\/\/www.chamannajenatsch.ch\/en\/wp-json\/wp\/v2\/users\/1"}],"replies":[{"embeddable":true,"href":"https:\/\/www.chamannajenatsch.ch\/en\/wp-json\/wp\/v2\/comments?post=4429"}],"version-history":[{"count":1,"href":"https:\/\/www.chamannajenatsch.ch\/en\/wp-json\/wp\/v2\/posts\/4429\/revisions"}],"predecessor-version":[{"id":4430,"href":"https:\/\/www.chamannajenatsch.ch\/en\/wp-json\/wp\/v2\/posts\/4429\/revisions\/4430"}],"wp:attachment":[{"href":"https:\/\/www.chamannajenatsch.ch\/en\/wp-json\/wp\/v2\/media?parent=4429"}],"wp:term":[{"taxonomy":"category","embeddable":true,"href":"https:\/\/www.chamannajenatsch.ch\/en\/wp-json\/wp\/v2\/categories?post=4429"},{"taxonomy":"post_tag","embeddable":true,"href":"https:\/\/www.chamannajenatsch.ch\/en\/wp-json\/wp\/v2\/tags?post=4429"}],"curies":[{"name":"wp","href":"https:\/\/api.w.org\/{rel}","templated":true}]}}