{"id":4474,"date":"2022-01-02T18:18:22","date_gmt":"2022-01-02T17:18:22","guid":{"rendered":"http:\/\/www.chamannajenatsch.ch\/?p=4474"},"modified":"2022-01-02T18:39:13","modified_gmt":"2022-01-02T17:39:13","slug":"4474","status":"publish","type":"post","link":"https:\/\/www.chamannajenatsch.ch\/en\/2022\/01\/02\/4474\/","title":{"rendered":"Schon vorbei"},"content":{"rendered":"<p>Unsere &#8222;Silvesterg\u00e4ste&#8220; haben sich heute Morgen relativ fr\u00fch auf den Weg gemacht. Der Himmel war am Morgen noch blau und die meisten haben ja dann auch noch die Heimreise vor sich. Einige Gruppen haben bereits die Querung um die Cresta Jenatsch getestet und die Abfahrt nach Preda genommen. Danke allen G\u00e4ste die uns diese Tage besucht haben, trotz Wetter und Corona! Viele waren schon \u00f6fters bei uns, und das freut uns nat\u00fcrlich besonders wenn wir bekannte Gsichter haben, die immer wieder zu uns kommen \ud83d\ude42<\/p>\n\n\n\n<p>Wir haben noch einen gem\u00fctlichen Zmorgen gemacht, zu sechst einen gr\u00fcndlichen H\u00fcttenputz und nach Kaffee und Kuchen haben sich dann auch unsere Helferleins auf den Weg zum Julierpass gemacht. Vielen lieben Dank euch Vier, dass ihr eure Ferientage opfert um bei uns zu &#8222;krampfen&#8220;. Es war wieder mal super und hat richtig Spass gemacht mit euch in der H\u00fcttenk\u00fcche \ud83d\ude42 <\/p>\n\n\n\n<p>Ja und dann ist es auf einmal ganz still nach einer Woche Action, nur noch Dani und ich in der H\u00fctte, jeder seine Aufgaben zum Einwintern abarbeitend. Inzwischen sind wir schon recht routiniert und wir wissen beide was zu tun ist. Nun ist die Turbine bereits ausgebaut, die Sommerfassung im Verwurf, Fensterl\u00e4den zu, Waschmachine und &#8222;Luigi&#8220; entleert. Die letzten Lebensmittel sind vakumiert, eingefroren oder gegessen. Nun gibt es f\u00fcr uns noch eine R\u00f6sti zum Znacht mit den letzten 5 Kartoffeln und dann machen wir noch einen gem\u00fctlichen Abend. <\/p>\n\n\n\n<p>Morgen fr\u00fch noch die Lastminutearbeiten und dann gehts auch f\u00fcr uns auf die Tourenski und Richtung Tal. Die Tage hier oben sind wieder wie im Flug vergangen und wir freuen uns zwar auf die Zwischensaison und auf eigene Skitourentage, aber auch schon wieder auf Mitte Februar! <\/p>\n\n\n\n<p>Machets guet, bliibet gsund und bis bald :-*<\/p>\n\n\n\n<figure class=\"wp-block-image size-large\"><img fetchpriority=\"high\" decoding=\"async\" width=\"1024\" height=\"768\" src=\"http:\/\/www.chamannajenatsch.ch\/wp-content\/uploads\/2022\/01\/WhatsApp-Image-2022-01-02-at-11.28.44-1024x768.jpeg\" alt=\"\" class=\"wp-image-4484\" srcset=\"https:\/\/www.chamannajenatsch.ch\/wp-content\/uploads\/2022\/01\/WhatsApp-Image-2022-01-02-at-11.28.44-1024x768.jpeg 1024w, https:\/\/www.chamannajenatsch.ch\/wp-content\/uploads\/2022\/01\/WhatsApp-Image-2022-01-02-at-11.28.44-300x225.jpeg 300w, https:\/\/www.chamannajenatsch.ch\/wp-content\/uploads\/2022\/01\/WhatsApp-Image-2022-01-02-at-11.28.44-768x576.jpeg 768w, https:\/\/www.chamannajenatsch.ch\/wp-content\/uploads\/2022\/01\/WhatsApp-Image-2022-01-02-at-11.28.44-16x12.jpeg 16w, https:\/\/www.chamannajenatsch.ch\/wp-content\/uploads\/2022\/01\/WhatsApp-Image-2022-01-02-at-11.28.44.jpeg 1380w\" sizes=\"(max-width: 1024px) 100vw, 1024px\" \/><figcaption>Silvesterteam 21\/22<\/figcaption><\/figure>\n\n\n\n<p><\/p>","protected":false},"excerpt":{"rendered":"<p>Unsere &#8222;Silvesterg\u00e4ste&#8220; haben sich heute Morgen relativ fr\u00fch auf den Weg gemacht. Der Himmel war am Morgen noch blau und die meisten haben ja dann auch noch die Heimreise vor sich. Einige Gruppen haben bereits die Querung um die Cresta<\/p>","protected":false},"author":1,"featured_media":0,"comment_status":"closed","ping_status":"closed","sticky":false,"template":"","format":"standard","meta":{"inline_featured_image":false,"footnotes":""},"categories":[1],"tags":[],"class_list":["post-4474","post","type-post","status-publish","format-standard","hentry","category-allgemein"],"_links":{"self":[{"href":"https:\/\/www.chamannajenatsch.ch\/en\/wp-json\/wp\/v2\/posts\/4474","targetHints":{"allow":["GET"]}}],"collection":[{"href":"https:\/\/www.chamannajenatsch.ch\/en\/wp-json\/wp\/v2\/posts"}],"about":[{"href":"https:\/\/www.chamannajenatsch.ch\/en\/wp-json\/wp\/v2\/types\/post"}],"author":[{"embeddable":true,"href":"https:\/\/www.chamannajenatsch.ch\/en\/wp-json\/wp\/v2\/users\/1"}],"replies":[{"embeddable":true,"href":"https:\/\/www.chamannajenatsch.ch\/en\/wp-json\/wp\/v2\/comments?post=4474"}],"version-history":[{"count":9,"href":"https:\/\/www.chamannajenatsch.ch\/en\/wp-json\/wp\/v2\/posts\/4474\/revisions"}],"predecessor-version":[{"id":4486,"href":"https:\/\/www.chamannajenatsch.ch\/en\/wp-json\/wp\/v2\/posts\/4474\/revisions\/4486"}],"wp:attachment":[{"href":"https:\/\/www.chamannajenatsch.ch\/en\/wp-json\/wp\/v2\/media?parent=4474"}],"wp:term":[{"taxonomy":"category","embeddable":true,"href":"https:\/\/www.chamannajenatsch.ch\/en\/wp-json\/wp\/v2\/categories?post=4474"},{"taxonomy":"post_tag","embeddable":true,"href":"https:\/\/www.chamannajenatsch.ch\/en\/wp-json\/wp\/v2\/tags?post=4474"}],"curies":[{"name":"wp","href":"https:\/\/api.w.org\/{rel}","templated":true}]}}