{"id":4541,"date":"2022-02-13T16:03:59","date_gmt":"2022-02-13T15:03:59","guid":{"rendered":"http:\/\/www.chamannajenatsch.ch\/?p=4541"},"modified":"2022-02-13T16:04:02","modified_gmt":"2022-02-13T15:04:02","slug":"plaettlitag","status":"publish","type":"post","link":"https:\/\/www.chamannajenatsch.ch\/en\/2022\/02\/13\/plaettlitag\/","title":{"rendered":"Pl\u00e4ttlitag"},"content":{"rendered":"<p>Das Wetter zum Saisonstart h\u00e4tten wir uns ja nicht besser w\u00fcnschen k\u00f6nnen. Gestern strahlend blau, heute same same \ud83d\ude42 Gestern war es auch noch ziemlich warm anscheinend, gingen doch einige Liter Wasser \u00fcber den Tresen und weniger Tee. In der Stube war es dann am Abend nat\u00fcrlich auch warm, waren doch einige G\u00e4ste da um mitzuheizen \ud83d\ude09 <\/p>\n\n\n\n<p>Der Anfang des Nachmittags hat noch ganz gem\u00fctlich angefangen gestern, die G\u00e4ste kamen sch\u00f6n nacheinander eingetrudelt. Als dann aber die erste Gruppe ein Pl\u00e4ttli bestellt hat, sahen alle wie lecker das aussieht und so haben wirklich fast alle Gruppen ein kleines oder grosses Pl\u00e4ttli bestellt. Bis zum Znacht hin wusste Marica also wie man Pl\u00e4ttli macht \ud83d\ude09 Sooo viele an einem Tag haben wir wohl noch nie gemacht! Sonst lief der erste Abend aber ganz gut, auch wenn eine Gruppe etwas sp\u00e4t eingetroffen ist und so das Nachtessen ein bisschen durcheinandergebracht hat. F\u00fcr den ersten Tag sind wir ganz zufrieden \ud83d\ude09<\/p>\n\n\n\n<p>Heute ist es deutlich ruhiger und wir haben nur noch 4 G\u00e4ste die von gestern noch hier sind. Wir haben also nach dem H\u00fcttenwusel nicht gerade wieder anfangen m\u00fcssen mit kochen sondern haben uns mal der W\u00e4sche gewidmet, die noch von Silvester angestanden ist und aufgrund des Warmwassermangels nie gewaschen werden konnte. Zudem haben Marica und Dani fleissig geschaufelt und die Fenster des UG ausgegraben. Nun hats also auch wieder Tageslicht in den Waschr\u00e4umen. <\/p>\n\n\n\n<p>Die n\u00e4chsten Tage wird das Wetter dann leider nicht mehr so pr\u00e4chtig und wir es wird eher gem\u00fctlich. Wir werden noch einige Sachen abarbeiten und vorbereiten k\u00f6nnen f\u00fcr die Saison und hoffen nat\u00fcrlich auf eine Portion Neuschnee.<\/p>","protected":false},"excerpt":{"rendered":"<p>Das Wetter zum Saisonstart h\u00e4tten wir uns ja nicht besser w\u00fcnschen k\u00f6nnen. Gestern strahlend blau, heute same same \ud83d\ude42 Gestern war es auch noch ziemlich warm anscheinend, gingen doch einige Liter Wasser \u00fcber den Tresen und weniger Tee. In der<\/p>","protected":false},"author":1,"featured_media":0,"comment_status":"closed","ping_status":"closed","sticky":false,"template":"","format":"standard","meta":{"inline_featured_image":false,"footnotes":""},"categories":[1],"tags":[],"class_list":["post-4541","post","type-post","status-publish","format-standard","hentry","category-allgemein"],"_links":{"self":[{"href":"https:\/\/www.chamannajenatsch.ch\/en\/wp-json\/wp\/v2\/posts\/4541","targetHints":{"allow":["GET"]}}],"collection":[{"href":"https:\/\/www.chamannajenatsch.ch\/en\/wp-json\/wp\/v2\/posts"}],"about":[{"href":"https:\/\/www.chamannajenatsch.ch\/en\/wp-json\/wp\/v2\/types\/post"}],"author":[{"embeddable":true,"href":"https:\/\/www.chamannajenatsch.ch\/en\/wp-json\/wp\/v2\/users\/1"}],"replies":[{"embeddable":true,"href":"https:\/\/www.chamannajenatsch.ch\/en\/wp-json\/wp\/v2\/comments?post=4541"}],"version-history":[{"count":1,"href":"https:\/\/www.chamannajenatsch.ch\/en\/wp-json\/wp\/v2\/posts\/4541\/revisions"}],"predecessor-version":[{"id":4542,"href":"https:\/\/www.chamannajenatsch.ch\/en\/wp-json\/wp\/v2\/posts\/4541\/revisions\/4542"}],"wp:attachment":[{"href":"https:\/\/www.chamannajenatsch.ch\/en\/wp-json\/wp\/v2\/media?parent=4541"}],"wp:term":[{"taxonomy":"category","embeddable":true,"href":"https:\/\/www.chamannajenatsch.ch\/en\/wp-json\/wp\/v2\/categories?post=4541"},{"taxonomy":"post_tag","embeddable":true,"href":"https:\/\/www.chamannajenatsch.ch\/en\/wp-json\/wp\/v2\/tags?post=4541"}],"curies":[{"name":"wp","href":"https:\/\/api.w.org\/{rel}","templated":true}]}}