{"id":4575,"date":"2022-02-20T15:50:29","date_gmt":"2022-02-20T14:50:29","guid":{"rendered":"http:\/\/www.chamannajenatsch.ch\/?p=4575"},"modified":"2022-02-20T15:50:32","modified_gmt":"2022-02-20T14:50:32","slug":"holz-hacken","status":"publish","type":"post","link":"https:\/\/www.chamannajenatsch.ch\/en\/2022\/02\/20\/holz-hacken\/","title":{"rendered":"Holz hacken"},"content":{"rendered":"<p>Nachdem es am Morgen w\u00e4hrend dem Fr\u00fchst\u00fcck ziemlich gewindeet hat und die Gipfel in den Wolken hingen, zog es auch heute rasch wieder auf und es folgten einige Sonnenstunden. Der Schnee ist nicht gerade der Hammer momentan, aber so hatten unsere G\u00e4ste immerhin eine sch\u00f6ne Aussicht vom Gipfel, auch wenn der Abfahrtsspass sich vielleicht in Grenzen hielt. Gestern hat der Bruchharsch auf dem Weg zur H\u00fctte leider (vermutlich) ein paar l\u00e4dierte Knieb\u00e4nder gefordert, so dass ein Gast heute morgen den Weg per Rega-Heli ins Tal nehmen musste. Wir hoffen es ist nichts allzuschlimmes und w\u00fcnschen schnelle und gute Besserung!<\/p>\n\n\n\n<p>Da wir heute Nacht nur gerade 7 G\u00e4ste angemeldet haben, konnten wir es gem\u00fctlich angehen und auch die Sonne ein bisschen geniesssen \u00fcber den Mittag. Dani hat nachher den Scheitstock rausgeholt und den Bock und kurz haben Marica und ich uns auch versucht \ud83d\ude09 Ich war glaub schon ein biiiisschen talentierter als noch bei meinem ersten Holzhacken hier oben im Lockdown vor zwei Jahren. Aber es war jetzt auch nur eine Stunde und nicht 3 Tage, also waren meine Arme noch fit \ud83d\ude09 Morgen hab ich dann aber sicher Muskelkater. Aber so in der Sonne und mit der Aussicht vor dem Skikeller macht es schon noch Spass \ud83d\ude42<\/p>\n\n\n\n<p>Jetzt ist aber nur noch Dani fleissig und Marica und ich haben uns wieder in die warme K\u00fcche gefl\u00fcchtet. Jetzt sind n\u00e4mlich langsam Wolken aufgezogen und es wurde frisch draussen. Und kochen m\u00fcssen wir ja auch noch was \ud83d\ude09<\/p>\n\n\n\n<p>Jetzt ist es ganz ungewohnt ruhig, nachdem jetzt zwei Tage doch mehr los war und wir auch immer zwischendurch &#8222;Chuchibsuech&#8220; hatten von C\u00e9lia, Henry und ihren Kolleginnen. Also, einen gem\u00fctlichen Sonntagabend euch allen und passt auf, dass ihr nicht weggewindet werdet in der Nacht \ud83d\ude09<\/p>","protected":false},"excerpt":{"rendered":"<p>Nachdem es am Morgen w\u00e4hrend dem Fr\u00fchst\u00fcck ziemlich gewindeet hat und die Gipfel in den Wolken hingen, zog es auch heute rasch wieder auf und es folgten einige Sonnenstunden. Der Schnee ist nicht gerade der Hammer momentan, aber so hatten<\/p>","protected":false},"author":1,"featured_media":0,"comment_status":"closed","ping_status":"closed","sticky":false,"template":"","format":"standard","meta":{"inline_featured_image":false,"footnotes":""},"categories":[1],"tags":[],"class_list":["post-4575","post","type-post","status-publish","format-standard","hentry","category-allgemein"],"_links":{"self":[{"href":"https:\/\/www.chamannajenatsch.ch\/en\/wp-json\/wp\/v2\/posts\/4575","targetHints":{"allow":["GET"]}}],"collection":[{"href":"https:\/\/www.chamannajenatsch.ch\/en\/wp-json\/wp\/v2\/posts"}],"about":[{"href":"https:\/\/www.chamannajenatsch.ch\/en\/wp-json\/wp\/v2\/types\/post"}],"author":[{"embeddable":true,"href":"https:\/\/www.chamannajenatsch.ch\/en\/wp-json\/wp\/v2\/users\/1"}],"replies":[{"embeddable":true,"href":"https:\/\/www.chamannajenatsch.ch\/en\/wp-json\/wp\/v2\/comments?post=4575"}],"version-history":[{"count":1,"href":"https:\/\/www.chamannajenatsch.ch\/en\/wp-json\/wp\/v2\/posts\/4575\/revisions"}],"predecessor-version":[{"id":4576,"href":"https:\/\/www.chamannajenatsch.ch\/en\/wp-json\/wp\/v2\/posts\/4575\/revisions\/4576"}],"wp:attachment":[{"href":"https:\/\/www.chamannajenatsch.ch\/en\/wp-json\/wp\/v2\/media?parent=4575"}],"wp:term":[{"taxonomy":"category","embeddable":true,"href":"https:\/\/www.chamannajenatsch.ch\/en\/wp-json\/wp\/v2\/categories?post=4575"},{"taxonomy":"post_tag","embeddable":true,"href":"https:\/\/www.chamannajenatsch.ch\/en\/wp-json\/wp\/v2\/tags?post=4575"}],"curies":[{"name":"wp","href":"https:\/\/api.w.org\/{rel}","templated":true}]}}