{"id":4599,"date":"2022-02-23T18:27:05","date_gmt":"2022-02-23T17:27:05","guid":{"rendered":"http:\/\/www.chamannajenatsch.ch\/?p=4599"},"modified":"2022-02-23T18:27:08","modified_gmt":"2022-02-23T17:27:08","slug":"yogasession","status":"publish","type":"post","link":"https:\/\/www.chamannajenatsch.ch\/en\/2022\/02\/23\/yogasession\/","title":{"rendered":"Yogasession"},"content":{"rendered":"<p>Heute Morgen hatten wir Zeit f\u00fcr 15 min Poweryoga auf der Terrasse. Seit mein R\u00fccken letzten Sommer des \u00f6fteren nicht so gut war und Regula bei uns war und uns das Yoga schmackhaft gemacht hat, machen wir des \u00f6ftern Yoga. Im Sommer haben wir immer Wolldecken aus den Lagern genommen, aber jetzt haben wir neue Yogamatten gekauft \ud83d\ude42 Als wir letzte Woche allein waren, haben wir schon 2-3 Mal in der K\u00fcche die Matten ausgerollt. Und heute hatten wir die Gelegenheit ein kurzez Poweryoga auf der Terrasse zu machen. Es war zwar noch ein bisschen frisch um 11 Uhr, aber mit dem Poweryoga wurde es ja warm \ud83d\ude09<br><br>Sp\u00e4ter wurde es dann auch so warm, es waren fast Apriltemperaturen und da die ersten G\u00e4ste erst relativ sp\u00e4t kamen, konnten wir noch richtig gut s\u00f6nnele \ud83d\ude42<\/p>\n\n\n\n<p>Jetzt haben wir heute 20 G\u00e4ste und es gibt eine Fiesta Italiana: Suppe  mit Polenta (nein, nicht die Reste von gestern), Pizza und dann Tiramisu \ud83d\ude42<\/p>","protected":false},"excerpt":{"rendered":"<p>Heute Morgen hatten wir Zeit f\u00fcr 15 min Poweryoga auf der Terrasse. Seit mein R\u00fccken letzten Sommer des \u00f6fteren nicht so gut war und Regula bei uns war und uns das Yoga schmackhaft gemacht hat, machen wir des \u00f6ftern Yoga.<\/p>","protected":false},"author":1,"featured_media":0,"comment_status":"closed","ping_status":"closed","sticky":false,"template":"","format":"standard","meta":{"inline_featured_image":false,"footnotes":""},"categories":[1],"tags":[],"class_list":["post-4599","post","type-post","status-publish","format-standard","hentry","category-allgemein"],"_links":{"self":[{"href":"https:\/\/www.chamannajenatsch.ch\/en\/wp-json\/wp\/v2\/posts\/4599","targetHints":{"allow":["GET"]}}],"collection":[{"href":"https:\/\/www.chamannajenatsch.ch\/en\/wp-json\/wp\/v2\/posts"}],"about":[{"href":"https:\/\/www.chamannajenatsch.ch\/en\/wp-json\/wp\/v2\/types\/post"}],"author":[{"embeddable":true,"href":"https:\/\/www.chamannajenatsch.ch\/en\/wp-json\/wp\/v2\/users\/1"}],"replies":[{"embeddable":true,"href":"https:\/\/www.chamannajenatsch.ch\/en\/wp-json\/wp\/v2\/comments?post=4599"}],"version-history":[{"count":1,"href":"https:\/\/www.chamannajenatsch.ch\/en\/wp-json\/wp\/v2\/posts\/4599\/revisions"}],"predecessor-version":[{"id":4600,"href":"https:\/\/www.chamannajenatsch.ch\/en\/wp-json\/wp\/v2\/posts\/4599\/revisions\/4600"}],"wp:attachment":[{"href":"https:\/\/www.chamannajenatsch.ch\/en\/wp-json\/wp\/v2\/media?parent=4599"}],"wp:term":[{"taxonomy":"category","embeddable":true,"href":"https:\/\/www.chamannajenatsch.ch\/en\/wp-json\/wp\/v2\/categories?post=4599"},{"taxonomy":"post_tag","embeddable":true,"href":"https:\/\/www.chamannajenatsch.ch\/en\/wp-json\/wp\/v2\/tags?post=4599"}],"curies":[{"name":"wp","href":"https:\/\/api.w.org\/{rel}","templated":true}]}}