{"id":4669,"date":"2022-03-16T17:12:21","date_gmt":"2022-03-16T16:12:21","guid":{"rendered":"http:\/\/www.chamannajenatsch.ch\/?p=4669"},"modified":"2022-03-16T17:12:23","modified_gmt":"2022-03-16T16:12:23","slug":"andreas","status":"publish","type":"post","link":"https:\/\/www.chamannajenatsch.ch\/en\/2022\/03\/16\/andreas\/","title":{"rendered":"Andreas"},"content":{"rendered":"<p>Es gibt ja einige Namen, die es h\u00e4ufiger oder weniger h\u00e4ufig gibt. Einige haben wir noch nie geh\u00f6rt, andere haben wir \u00f6fters auch mehrmals in der Stube anwesend. Diese Tage ist Andreas sehr gut vertreten. Andreas W, Andreas M, Andreas P, Andreas G&#8230; Seit Tagen haben wir immer mindestens zwei Andreas in der Stube. Andreas in Aktion oder so \ud83d\ude09 <\/p>\n\n\n\n<p>Ansonsten nix spezielles, mein Arm scheint zu heilen, am Morgen hatten wir ein bisschen Zeit f\u00fcr Yoga auf der Terrasse, die G\u00e4ste sind alle eingetroffen und das Znacht ist soweit parat \ud83d\ude42 Mit dem bl\u00f6den Saharastaub ist es leider nicht so sch\u00f6n sonnig obwohl es eigenltich ja keine Wolken h\u00e4tte&#8230; Schade, aber wir k\u00f6nnen uns ja nicht beklagen mit dem Wetter der letzten Zeit. <\/p>\n\n\n\n<p>Morgen kommen Vroni und Martin f\u00fcr ein paar Tage mal in die Ferien zu uns \ud83d\ude42 Anstatt die H\u00fcttenk\u00fcche wollen sie auch mal unsere Gipfel erkunden. Wir freuen uns auf den Besuch \ud83d\ude42<\/p>","protected":false},"excerpt":{"rendered":"<p>Es gibt ja einige Namen, die es h\u00e4ufiger oder weniger h\u00e4ufig gibt. Einige haben wir noch nie geh\u00f6rt, andere haben wir \u00f6fters auch mehrmals in der Stube anwesend. Diese Tage ist Andreas sehr gut vertreten. Andreas W, Andreas M, Andreas<\/p>","protected":false},"author":1,"featured_media":0,"comment_status":"closed","ping_status":"closed","sticky":false,"template":"","format":"standard","meta":{"inline_featured_image":false,"footnotes":""},"categories":[1],"tags":[],"class_list":["post-4669","post","type-post","status-publish","format-standard","hentry","category-allgemein"],"_links":{"self":[{"href":"https:\/\/www.chamannajenatsch.ch\/en\/wp-json\/wp\/v2\/posts\/4669","targetHints":{"allow":["GET"]}}],"collection":[{"href":"https:\/\/www.chamannajenatsch.ch\/en\/wp-json\/wp\/v2\/posts"}],"about":[{"href":"https:\/\/www.chamannajenatsch.ch\/en\/wp-json\/wp\/v2\/types\/post"}],"author":[{"embeddable":true,"href":"https:\/\/www.chamannajenatsch.ch\/en\/wp-json\/wp\/v2\/users\/1"}],"replies":[{"embeddable":true,"href":"https:\/\/www.chamannajenatsch.ch\/en\/wp-json\/wp\/v2\/comments?post=4669"}],"version-history":[{"count":1,"href":"https:\/\/www.chamannajenatsch.ch\/en\/wp-json\/wp\/v2\/posts\/4669\/revisions"}],"predecessor-version":[{"id":4670,"href":"https:\/\/www.chamannajenatsch.ch\/en\/wp-json\/wp\/v2\/posts\/4669\/revisions\/4670"}],"wp:attachment":[{"href":"https:\/\/www.chamannajenatsch.ch\/en\/wp-json\/wp\/v2\/media?parent=4669"}],"wp:term":[{"taxonomy":"category","embeddable":true,"href":"https:\/\/www.chamannajenatsch.ch\/en\/wp-json\/wp\/v2\/categories?post=4669"},{"taxonomy":"post_tag","embeddable":true,"href":"https:\/\/www.chamannajenatsch.ch\/en\/wp-json\/wp\/v2\/tags?post=4669"}],"curies":[{"name":"wp","href":"https:\/\/api.w.org\/{rel}","templated":true}]}}